{"id":77791,"date":"2026-05-02T00:14:37","date_gmt":"2026-05-02T06:14:37","guid":{"rendered":"https:\/\/noticiasveracruz.com\/?p=77791"},"modified":"2026-05-01T22:28:26","modified_gmt":"2026-05-02T04:28:26","slug":"sonora-cumple-16-dias-huelga-en-la-unison-mas-de-40-mil-alumnos-siguen-sin-clases","status":"publish","type":"post","link":"https:\/\/noticiasveracruz.com\/index.php\/2026\/05\/02\/sonora-cumple-16-dias-huelga-en-la-unison-mas-de-40-mil-alumnos-siguen-sin-clases\/","title":{"rendered":"Sonora: cumple 16 d\u00edas huelga en la Unison; m\u00e1s de 40 mil alumnos siguen sin clases"},"content":{"rendered":"<p class=\"nota-justify\" dir=\"auto\">A 16 d\u00edas del estallamiento del paro impulsado por el Sindicato de Trabajadores y Empleados (STEUS), la Universidad de Sonora permanece con accesos cerrados en sus seis campus y sin una ruta inmediata de soluci\u00f3n. Desde entonces, el desacuerdo salarial y contractual ha mantenido en pausa clases, tr\u00e1mites administrativos, proyectos de investigaci\u00f3n y servicios universitarios para m\u00e1s de 40 mil estudiantes. Este viernes 1 de mayo, el conflicto entr\u00f3 en su d\u00eda 16 sin que se haya anunciado una nueva fecha formal de reanudaci\u00f3n de labores.<\/p>\n<p class=\"nota-justify\" dir=\"auto\">El sindicato de empleados solicita un aumento directo del 50 por ciento al salario y un 4 por ciento adicional en prestaciones. Frente a ello, la Universidad de Sonora plante\u00f3 una propuesta diferenciada por niveles tabulares: 12.89 por ciento de incremento para las categor\u00edas salariales m\u00e1s bajas y hasta 4 por ciento para los niveles superiores, adem\u00e1s de un ajuste en vales de despensa y la aplicaci\u00f3n retroactiva al 20 de marzo. La oferta fue sometida a votaci\u00f3n entre la base trabajadora y, de mil 241 sufragios emitidos, 650 votos rechazaron la propuesta y 592 la respaldaron, margen que mantuvo vigente la suspensi\u00f3n de labores.<\/p>\n<p class=\"nota-justify\">La confrontaci\u00f3n se mantiene luego de que la base sindical rechaz\u00f3 la propuesta econ\u00f3mica de la instituci\u00f3n. El n\u00facleo de la disputa contin\u00faa en las exigencias de incremento salarial y prestaciones planteadas por el STEUS frente a la oferta institucional de aumentos escalonados seg\u00fan categor\u00edas laborales. La suspensi\u00f3n de actividades comenz\u00f3 el 16 de abril, en medio de un proceso que qued\u00f3 marcado desde el inicio por la resoluci\u00f3n judicial que, de acuerdo con antecedentes del conflicto, invalid\u00f3 la huelga un d\u00eda antes de la colocaci\u00f3n de las banderas rojinegras.<\/p>\n<p class=\"nota-justify\" dir=\"auto\">Mientras las negociaciones siguen abiertas, la administraci\u00f3n universitaria ha insistido p\u00fablicamente en la liberaci\u00f3n de instalaciones y en la necesidad de evitar un mayor impacto sobre el calendario escolar. En paralelo, la universidad ya anticip\u00f3 ajustes acad\u00e9micos para contener el rezago que empieza a reflejarse en el cierre de laboratorios, oficinas y espacios de atenci\u00f3n estudiantil.<\/p>\n<p class=\"nota-justify\" dir=\"auto\">En tanto, el Sindicato de Trabajadores Acad\u00e9micos de la Universidad de Sonora (STAUS), decidi\u00f3 aplazar hasta el 14 de mayo el posible estallamiento de su propia huelga. La decisi\u00f3n fue tomada para mantener abiertas las mesas de negociaci\u00f3n con las autoridades universitarias en temas de salario, prestaciones y condiciones laborales. Con ello, la universidad enfrenta un conflicto activo con el personal administrativo y, al mismo tiempo, la posibilidad latente de un segundo paro por parte del gremio acad\u00e9mico, aunque este \u00faltimo mantiene, por ahora, la v\u00eda de la negociaci\u00f3n.<\/p>\n<p class=\"nota-justify\" dir=\"auto\">El conflicto universitario estuvo presente tambi\u00e9n en las movilizaciones por el D\u00eda del Trabajo en Sonora. En Hermosillo, miles de trabajadores partieron desde la Plaza Emiliana de Zubeld\u00eda y avanzaron por el bulevar Rosales con consignas centradas en derechos laborales y aumentos salariales.<\/p>\n<p class=\"nota-justify\" dir=\"auto\">Entre los contingentes m\u00e1s visibles estuvieron los sindicatos universitarios, que llevaron al desfile la huelga de la Unison como uno de los principales temas de la jornada. La movilizaci\u00f3n se replic\u00f3 en Ciudad Obreg\u00f3n, Guaymas y Empalme, donde los sindicatos convirtieron la conmemoraci\u00f3n en una tribuna p\u00fablica para exponer sus demandas. En Hermosillo participaron m\u00e1s de 25 mil trabajadores de alrededor de 60 organizaciones.<\/p>\n","protected":false},"excerpt":{"rendered":"<p>A 16 d\u00edas del estallamiento del paro impulsado por el Sindicato de Trabajadores y Empleados (STEUS), la Universidad de Sonora<\/p>\n","protected":false},"author":4,"featured_media":77792,"comment_status":"closed","ping_status":"closed","sticky":false,"template":"","format":"standard","meta":{"colormag_page_container_layout":"default_layout","colormag_page_sidebar_layout":"default_layout","_jetpack_memberships_contains_paid_content":false,"footnotes":"","jetpack_publicize_message":"","jetpack_publicize_feature_enabled":true,"jetpack_social_post_already_shared":true,"jetpack_social_options":{"image_generator_settings":{"template":"highway","default_image_id":0,"font":"","enabled":false},"version":2}},"categories":[145],"tags":[],"class_list":["post-77791","post","type-post","status-publish","format-standard","has-post-thumbnail","hentry","category-estados"],"jetpack_publicize_connections":[],"jetpack_featured_media_url":"https:\/\/noticiasveracruz.com\/wp-content\/uploads\/2026\/05\/cumple-16-dias-la-huelga-en-la-unison-mas-de-40-mil-alumnos-siguen-sin-clases_4eb0fea3-d0ef-481b-a5f0-189cd717be03_medialjnimgndimagefullsize.webp","jetpack_sharing_enabled":true,"publishpress_future_action":{"enabled":false,"date":"2026-05-09 02:03:52","action":"change-status","newStatus":"draft","terms":[],"taxonomy":"category","extraData":[]},"publishpress_future_workflow_manual_trigger":{"enabledWorkflows":[]},"_links":{"self":[{"href":"https:\/\/noticiasveracruz.com\/index.php\/wp-json\/wp\/v2\/posts\/77791","targetHints":{"allow":["GET"]}}],"collection":[{"href":"https:\/\/noticiasveracruz.com\/index.php\/wp-json\/wp\/v2\/posts"}],"about":[{"href":"https:\/\/noticiasveracruz.com\/index.php\/wp-json\/wp\/v2\/types\/post"}],"author":[{"embeddable":true,"href":"https:\/\/noticiasveracruz.com\/index.php\/wp-json\/wp\/v2\/users\/4"}],"replies":[{"embeddable":true,"href":"https:\/\/noticiasveracruz.com\/index.php\/wp-json\/wp\/v2\/comments?post=77791"}],"version-history":[{"count":1,"href":"https:\/\/noticiasveracruz.com\/index.php\/wp-json\/wp\/v2\/posts\/77791\/revisions"}],"predecessor-version":[{"id":77793,"href":"https:\/\/noticiasveracruz.com\/index.php\/wp-json\/wp\/v2\/posts\/77791\/revisions\/77793"}],"wp:featuredmedia":[{"embeddable":true,"href":"https:\/\/noticiasveracruz.com\/index.php\/wp-json\/wp\/v2\/media\/77792"}],"wp:attachment":[{"href":"https:\/\/noticiasveracruz.com\/index.php\/wp-json\/wp\/v2\/media?parent=77791"}],"wp:term":[{"taxonomy":"category","embeddable":true,"href":"https:\/\/noticiasveracruz.com\/index.php\/wp-json\/wp\/v2\/categories?post=77791"},{"taxonomy":"post_tag","embeddable":true,"href":"https:\/\/noticiasveracruz.com\/index.php\/wp-json\/wp\/v2\/tags?post=77791"}],"curies":[{"name":"wp","href":"https:\/\/api.w.org\/{rel}","templated":true}]}}