{"id":77785,"date":"2026-05-02T00:12:46","date_gmt":"2026-05-02T06:12:46","guid":{"rendered":"https:\/\/noticiasveracruz.com\/?p=77785"},"modified":"2026-05-01T22:24:29","modified_gmt":"2026-05-02T04:24:29","slug":"sergio-kurczyn-dice-adios-a-banamex-tras-mas-de-tres-decadas-en-el-area-de-analisis-economico","status":"publish","type":"post","link":"https:\/\/noticiasveracruz.com\/index.php\/2026\/05\/02\/sergio-kurczyn-dice-adios-a-banamex-tras-mas-de-tres-decadas-en-el-area-de-analisis-economico\/","title":{"rendered":"Sergio Kurczyn dice adi\u00f3s a Banamex tras m\u00e1s de tres d\u00e9cadas en el \u00e1rea de an\u00e1lisis econ\u00f3mico"},"content":{"rendered":"<p class=\"nota-justify\">Sergio Kurczyn dejar\u00e1 su cargo en Banamex tras m\u00e1s de tres d\u00e9cadas dentro del \u00e1rea de an\u00e1lisis econ\u00f3mico del banco, donde se desempe\u00f1\u00f3 como economista en jefe y director de Estudios Econ\u00f3micos.<\/p>\n<p class=\"nota-justify\">De acuerdo con informaci\u00f3n del propio grupo financiero, Kurczyn form\u00f3 parte de Banamex desde 1993, periodo en el que encabez\u00f3 el an\u00e1lisis macroecon\u00f3mico y contribuy\u00f3 a consolidar al \u00e1rea como un referente dentro del sistema financiero.<\/p>\n<p class=\"nota-justify\">Durante su trayectoria, particip\u00f3 en la definici\u00f3n de la visi\u00f3n estrat\u00e9gica del banco y posicion\u00f3 a Banamex como una voz relevante en la conversaci\u00f3n econ\u00f3mica nacional, con an\u00e1lisis enfocados en el desempe\u00f1o de la econom\u00eda, la pol\u00edtica fiscal y la certidumbre institucional.<\/p>\n<p class=\"nota-justify\">Su trabajo tambi\u00e9n influy\u00f3 en la toma de decisiones internas y en la interpretaci\u00f3n del entorno econ\u00f3mico por parte de clientes, inversionistas y autoridades.<\/p>\n<p class=\"nota-justify\">Adem\u00e1s de su labor anal\u00edtica, Kurczyn tuvo un papel en la formaci\u00f3n de economistas y en el fortalecimiento de espacios como el Examen de la Situaci\u00f3n Econ\u00f3mica de M\u00e9xico (ESEM), publicaci\u00f3n con m\u00e1s de un siglo de existencia que se ha mantenido como referencia en el an\u00e1lisis econ\u00f3mico del pa\u00eds.<\/p>\n<p class=\"nota-justify\">Con su salida, Banamex inicia una nueva etapa en su \u00e1rea de Estudios Econ\u00f3micos, la cual destac\u00f3 el legado del economista como punto de referencia para el an\u00e1lisis en M\u00e9xico.<\/p>\n","protected":false},"excerpt":{"rendered":"<p>Sergio Kurczyn dejar\u00e1 su cargo en Banamex tras m\u00e1s de tres d\u00e9cadas dentro del \u00e1rea de an\u00e1lisis econ\u00f3mico del banco,<\/p>\n","protected":false},"author":4,"featured_media":77786,"comment_status":"closed","ping_status":"closed","sticky":false,"template":"","format":"standard","meta":{"colormag_page_container_layout":"default_layout","colormag_page_sidebar_layout":"default_layout","_jetpack_memberships_contains_paid_content":false,"footnotes":"","jetpack_publicize_message":"","jetpack_publicize_feature_enabled":true,"jetpack_social_post_already_shared":true,"jetpack_social_options":{"image_generator_settings":{"template":"highway","default_image_id":0,"font":"","enabled":false},"version":2}},"categories":[1947],"tags":[],"class_list":["post-77785","post","type-post","status-publish","format-standard","has-post-thumbnail","hentry","category-economia"],"jetpack_publicize_connections":[],"jetpack_featured_media_url":"https:\/\/noticiasveracruz.com\/wp-content\/uploads\/2026\/05\/sergio-kurczyn-dice-adios-a-banamex-tras-mas-de-tres-decadas-en-el-area-de-analisis-economico_afca8b0b-e7bd-419d-a725-0502ed71f652_medialjnimgndimagefullsize.webp","jetpack_sharing_enabled":true,"publishpress_future_action":{"enabled":false,"date":"2026-05-09 01:55:21","action":"change-status","newStatus":"draft","terms":[],"taxonomy":"category","extraData":[]},"publishpress_future_workflow_manual_trigger":{"enabledWorkflows":[]},"_links":{"self":[{"href":"https:\/\/noticiasveracruz.com\/index.php\/wp-json\/wp\/v2\/posts\/77785","targetHints":{"allow":["GET"]}}],"collection":[{"href":"https:\/\/noticiasveracruz.com\/index.php\/wp-json\/wp\/v2\/posts"}],"about":[{"href":"https:\/\/noticiasveracruz.com\/index.php\/wp-json\/wp\/v2\/types\/post"}],"author":[{"embeddable":true,"href":"https:\/\/noticiasveracruz.com\/index.php\/wp-json\/wp\/v2\/users\/4"}],"replies":[{"embeddable":true,"href":"https:\/\/noticiasveracruz.com\/index.php\/wp-json\/wp\/v2\/comments?post=77785"}],"version-history":[{"count":1,"href":"https:\/\/noticiasveracruz.com\/index.php\/wp-json\/wp\/v2\/posts\/77785\/revisions"}],"predecessor-version":[{"id":77787,"href":"https:\/\/noticiasveracruz.com\/index.php\/wp-json\/wp\/v2\/posts\/77785\/revisions\/77787"}],"wp:featuredmedia":[{"embeddable":true,"href":"https:\/\/noticiasveracruz.com\/index.php\/wp-json\/wp\/v2\/media\/77786"}],"wp:attachment":[{"href":"https:\/\/noticiasveracruz.com\/index.php\/wp-json\/wp\/v2\/media?parent=77785"}],"wp:term":[{"taxonomy":"category","embeddable":true,"href":"https:\/\/noticiasveracruz.com\/index.php\/wp-json\/wp\/v2\/categories?post=77785"},{"taxonomy":"post_tag","embeddable":true,"href":"https:\/\/noticiasveracruz.com\/index.php\/wp-json\/wp\/v2\/tags?post=77785"}],"curies":[{"name":"wp","href":"https:\/\/api.w.org\/{rel}","templated":true}]}}