{"id":77779,"date":"2026-05-02T00:10:36","date_gmt":"2026-05-02T06:10:36","guid":{"rendered":"https:\/\/noticiasveracruz.com\/?p=77779"},"modified":"2026-05-01T22:21:19","modified_gmt":"2026-05-02T04:21:19","slug":"baja-4-2-la-cifra-de-plataformas-petroleras-y-de-gas-activas-en-el-mundo-mayor-caida-en-eu","status":"publish","type":"post","link":"https:\/\/noticiasveracruz.com\/index.php\/2026\/05\/02\/baja-4-2-la-cifra-de-plataformas-petroleras-y-de-gas-activas-en-el-mundo-mayor-caida-en-eu\/","title":{"rendered":"Baja 4.2% la cifra de plataformas petroleras y de gas activas en el mundo; mayor ca\u00edda en EU"},"content":{"rendered":"<p class=\"nota-justify\">El n\u00famero de plataformas de perforaci\u00f3n activas para la extracci\u00f3n de petr\u00f3leo y gas en todo el mundo cay\u00f3 en abril en 76 unidades respecto a marzo o 4.2 por ciento, hasta alcanzar las mil 715 instalaciones, seg\u00fan los datos de la empresa estadunidense de servicios petroleros y de gas Baker Hughes.<\/p>\n<p class=\"nota-justify\">En comparaci\u00f3n con el a\u00f1o pasado, la cantidad de plataformas activas disminuy\u00f3 en 96 unidades, 5.3 por ciento.<\/p>\n<p class=\"nota-justify\">En Estados Unidos, la cifra se redujo en cinco unidades, hasta 545, mientras que en Canad\u00e1 baj\u00f3 en 49, hasta 134.<\/p>\n<p class=\"nota-justify\">Respecto a Am\u00e9rica Latina, se observ\u00f3 un leve repunte de una unidad, hasta 144; en Europa, en cambio, su n\u00famero baj\u00f3 en seis, hasta 118, y en \u00c1frica, en 12, hasta 89 unidades.<\/p>\n<p class=\"nota-justify\">En Medio Oriente disminuy\u00f3 en 20 unidades, hasta 480, y en la regi\u00f3n de Asia y el Pac\u00edfico subi\u00f3 en 15 hasta 205.<\/p>\n<p class=\"nota-justify\">Baker Hughes proporciona desde 1944 datos semanales sobre la din\u00e1mica de las plataformas de perforaci\u00f3n en Estados Unidos y Canad\u00e1, y desde 1975 publica mensualmente la cifra global de plataformas de perforaci\u00f3n.<\/p>\n","protected":false},"excerpt":{"rendered":"<p>El n\u00famero de plataformas de perforaci\u00f3n activas para la extracci\u00f3n de petr\u00f3leo y gas en todo el mundo cay\u00f3 en<\/p>\n","protected":false},"author":4,"featured_media":77780,"comment_status":"closed","ping_status":"closed","sticky":false,"template":"","format":"standard","meta":{"colormag_page_container_layout":"default_layout","colormag_page_sidebar_layout":"default_layout","_jetpack_memberships_contains_paid_content":false,"footnotes":"","jetpack_publicize_message":"","jetpack_publicize_feature_enabled":true,"jetpack_social_post_already_shared":true,"jetpack_social_options":{"image_generator_settings":{"template":"highway","default_image_id":0,"font":"","enabled":false},"version":2}},"categories":[1947],"tags":[],"class_list":["post-77779","post","type-post","status-publish","format-standard","has-post-thumbnail","hentry","category-economia"],"jetpack_publicize_connections":[],"jetpack_featured_media_url":"https:\/\/noticiasveracruz.com\/wp-content\/uploads\/2026\/05\/cae-42-cifra-de-plataformas-petroleras-en-el-mundo-se-reduce-actividad-en-eu_57ab17f2-5500-4dbc-b2f5-61e3c7c98faf_medialjnimgndimagefullsize.webp","jetpack_sharing_enabled":true,"publishpress_future_action":{"enabled":false,"date":"2026-05-09 01:55:06","action":"change-status","newStatus":"draft","terms":[],"taxonomy":"category","extraData":[]},"publishpress_future_workflow_manual_trigger":{"enabledWorkflows":[]},"_links":{"self":[{"href":"https:\/\/noticiasveracruz.com\/index.php\/wp-json\/wp\/v2\/posts\/77779","targetHints":{"allow":["GET"]}}],"collection":[{"href":"https:\/\/noticiasveracruz.com\/index.php\/wp-json\/wp\/v2\/posts"}],"about":[{"href":"https:\/\/noticiasveracruz.com\/index.php\/wp-json\/wp\/v2\/types\/post"}],"author":[{"embeddable":true,"href":"https:\/\/noticiasveracruz.com\/index.php\/wp-json\/wp\/v2\/users\/4"}],"replies":[{"embeddable":true,"href":"https:\/\/noticiasveracruz.com\/index.php\/wp-json\/wp\/v2\/comments?post=77779"}],"version-history":[{"count":1,"href":"https:\/\/noticiasveracruz.com\/index.php\/wp-json\/wp\/v2\/posts\/77779\/revisions"}],"predecessor-version":[{"id":77781,"href":"https:\/\/noticiasveracruz.com\/index.php\/wp-json\/wp\/v2\/posts\/77779\/revisions\/77781"}],"wp:featuredmedia":[{"embeddable":true,"href":"https:\/\/noticiasveracruz.com\/index.php\/wp-json\/wp\/v2\/media\/77780"}],"wp:attachment":[{"href":"https:\/\/noticiasveracruz.com\/index.php\/wp-json\/wp\/v2\/media?parent=77779"}],"wp:term":[{"taxonomy":"category","embeddable":true,"href":"https:\/\/noticiasveracruz.com\/index.php\/wp-json\/wp\/v2\/categories?post=77779"},{"taxonomy":"post_tag","embeddable":true,"href":"https:\/\/noticiasveracruz.com\/index.php\/wp-json\/wp\/v2\/tags?post=77779"}],"curies":[{"name":"wp","href":"https:\/\/api.w.org\/{rel}","templated":true}]}}