{"id":77776,"date":"2026-05-02T00:09:14","date_gmt":"2026-05-02T06:09:14","guid":{"rendered":"https:\/\/noticiasveracruz.com\/?p=77776"},"modified":"2026-05-01T22:19:53","modified_gmt":"2026-05-02T04:19:53","slug":"la-ia-transformara-casi-la-mitad-de-los-empleos-en-el-corto-plazo-openai","status":"publish","type":"post","link":"https:\/\/noticiasveracruz.com\/index.php\/2026\/05\/02\/la-ia-transformara-casi-la-mitad-de-los-empleos-en-el-corto-plazo-openai\/","title":{"rendered":"La IA transformar\u00e1 casi la mitad de los empleos en el corto plazo: OpenAI"},"content":{"rendered":"<p class=\"nota-justify\">En medio del avance acelerado de la inteligencia artificial (IA), el mercado laboral comienza a registrar transformaciones que no necesariamente implican la desaparici\u00f3n de empleos, pero s\u00ed una reorganizaci\u00f3n profunda de tareas, funciones y habilidades.<\/p>\n<p class=\"nota-justify\">En un an\u00e1lisis divulgado por OpenAI, desarrollador de ChatGPT, a prop\u00f3sito del D\u00eda del Trabajo, la empresa se\u00f1ala que cerca de la mitad de los trabajos experimentar\u00e1 cambios en el corto plazo, en un entorno donde la adopci\u00f3n de estas tecnolog\u00edas avanza de forma desigual, pero con efectos cada vez m\u00e1s visibles en la operaci\u00f3n de empresas y equipos.<\/p>\n<p class=\"nota-justify\">De acuerdo con el estudio, basado en m\u00e1s de 900 ocupaciones que abarcan 99.7 por ciento del empleo en Estados Unidos, 46 por ciento de los puestos tiene menor probabilidad de experimentar cambios en el corto plazo, mientras que el resto podr\u00eda reorganizarse o expandirse, m\u00e1s que desaparecer.<\/p>\n<p class=\"nota-justify\">En ese universo, 24 por ciento de los empleos podr\u00eda modificar la composici\u00f3n de sus tareas, aunque los trabajadores todav\u00eda ser\u00e1n esenciales, mientras que 12 por ciento podr\u00eda crecer conforme la IA reduzca costos y ampl\u00ede el acceso a distintas actividades.<\/p>\n<p class=\"nota-justify\"><strong>Papel de ChatGPT<\/strong><\/p>\n<p class=\"nota-justify\">El an\u00e1lisis tambi\u00e9n apunta que ChatGPT ya se utiliza aproximadamente tres veces m\u00e1s en roles con mayor exposici\u00f3n a la IA, aunque la adopci\u00f3n general a\u00fan se encuentra por debajo de lo que permite la capacidad t\u00e9cnica disponible.<\/p>\n<p class=\"nota-justify\">OpenAI expuso que la exposici\u00f3n a estas herramientas, por s\u00ed sola, no permite anticipar disrupciones en el corto plazo, ya que los efectos reales dependen de factores como la participaci\u00f3n humana, la demanda y la forma en que la tecnolog\u00eda se integra en los procesos productivos.<\/p>\n<p class=\"nota-justify\">Este diagn\u00f3stico coincide con el an\u00e1lisis de la industria. De acuerdo con la consultora McKinsey, si bien algunas tareas se est\u00e1n automatizando, la IA tambi\u00e9n impulsa la creaci\u00f3n de nuevos roles y categor\u00edas laborales.<\/p>\n<p class=\"nota-justify\">Actualmente, los empleos vinculados a la IA representan cerca del ocho por ciento de las nuevas vacantes, especialmente en \u00e1reas como operaciones, supervisi\u00f3n y dise\u00f1o de flujos de trabajo.<\/p>\n<p class=\"nota-justify\">En la misma l\u00ednea, un estudio de la firma Bain &amp; Company se\u00f1ala que la demanda de habilidades relacionadas con IA ha crecido a un ritmo promedio de 21 por ciento anual desde 2019.<\/p>\n","protected":false},"excerpt":{"rendered":"<p>En medio del avance acelerado de la inteligencia artificial (IA), el mercado laboral comienza a registrar transformaciones que no necesariamente<\/p>\n","protected":false},"author":4,"featured_media":77777,"comment_status":"closed","ping_status":"closed","sticky":false,"template":"","format":"standard","meta":{"colormag_page_container_layout":"default_layout","colormag_page_sidebar_layout":"default_layout","_jetpack_memberships_contains_paid_content":false,"footnotes":"","jetpack_publicize_message":"","jetpack_publicize_feature_enabled":true,"jetpack_social_post_already_shared":true,"jetpack_social_options":{"image_generator_settings":{"template":"highway","default_image_id":0,"font":"","enabled":false},"version":2}},"categories":[1947],"tags":[],"class_list":["post-77776","post","type-post","status-publish","format-standard","has-post-thumbnail","hentry","category-economia"],"jetpack_publicize_connections":[],"jetpack_featured_media_url":"https:\/\/noticiasveracruz.com\/wp-content\/uploads\/2026\/05\/la-ia-transformara-casi-la-mitad-de-los-empleos-en-el-corto-plazo-openai_bd03b450-9633-4441-aba3-de5b6920ced1_medialjnimgndimagefullsize.webp","jetpack_sharing_enabled":true,"publishpress_future_action":{"enabled":false,"date":"2026-05-09 01:55:05","action":"change-status","newStatus":"draft","terms":[],"taxonomy":"category","extraData":[]},"publishpress_future_workflow_manual_trigger":{"enabledWorkflows":[]},"_links":{"self":[{"href":"https:\/\/noticiasveracruz.com\/index.php\/wp-json\/wp\/v2\/posts\/77776","targetHints":{"allow":["GET"]}}],"collection":[{"href":"https:\/\/noticiasveracruz.com\/index.php\/wp-json\/wp\/v2\/posts"}],"about":[{"href":"https:\/\/noticiasveracruz.com\/index.php\/wp-json\/wp\/v2\/types\/post"}],"author":[{"embeddable":true,"href":"https:\/\/noticiasveracruz.com\/index.php\/wp-json\/wp\/v2\/users\/4"}],"replies":[{"embeddable":true,"href":"https:\/\/noticiasveracruz.com\/index.php\/wp-json\/wp\/v2\/comments?post=77776"}],"version-history":[{"count":1,"href":"https:\/\/noticiasveracruz.com\/index.php\/wp-json\/wp\/v2\/posts\/77776\/revisions"}],"predecessor-version":[{"id":77778,"href":"https:\/\/noticiasveracruz.com\/index.php\/wp-json\/wp\/v2\/posts\/77776\/revisions\/77778"}],"wp:featuredmedia":[{"embeddable":true,"href":"https:\/\/noticiasveracruz.com\/index.php\/wp-json\/wp\/v2\/media\/77777"}],"wp:attachment":[{"href":"https:\/\/noticiasveracruz.com\/index.php\/wp-json\/wp\/v2\/media?parent=77776"}],"wp:term":[{"taxonomy":"category","embeddable":true,"href":"https:\/\/noticiasveracruz.com\/index.php\/wp-json\/wp\/v2\/categories?post=77776"},{"taxonomy":"post_tag","embeddable":true,"href":"https:\/\/noticiasveracruz.com\/index.php\/wp-json\/wp\/v2\/tags?post=77776"}],"curies":[{"name":"wp","href":"https:\/\/api.w.org\/{rel}","templated":true}]}}