{"id":77773,"date":"2026-05-02T00:08:45","date_gmt":"2026-05-02T06:08:45","guid":{"rendered":"https:\/\/noticiasveracruz.com\/?p=77773"},"modified":"2026-05-01T22:18:26","modified_gmt":"2026-05-02T04:18:26","slug":"presidente-del-tepjf-expreso-su-apoyo-a-posponer-la-eleccion-judicial","status":"publish","type":"post","link":"https:\/\/noticiasveracruz.com\/index.php\/2026\/05\/02\/presidente-del-tepjf-expreso-su-apoyo-a-posponer-la-eleccion-judicial\/","title":{"rendered":"Presidente del TEPJF expres\u00f3 su apoyo a posponer la elecci\u00f3n judicial"},"content":{"rendered":"<p class=\"nota-justify\">El presidente del Tribunal Electoral del Poder Judicial de la Federaci\u00f3n (TEPJF), Gilberto Batiz, se manifest\u00f3 en favor de posponer la elecci\u00f3n judicial.<\/p>\n<p class=\"nota-justify\">En un encuentro realizado en las instalaciones del Consulado de M\u00e9xico en San Diego, California, el magistrado habl\u00f3 de la necesidad de separar la elecci\u00f3n judicial de los comicios intermedios para renovar la C\u00e1mara de Diputados, 17 gubernaturas y los congresos locales.<\/p>\n<p class=\"nota-justify\">Precis\u00f3 que la elecci\u00f3n judicial tiene una naturaleza distinta de la elecci\u00f3n en la que contienden los partidos pol\u00edticos, y por lo tanto deben realizarse en periodos diferenciados, con el prop\u00f3sito de cada una tenga su propio cauce.<\/p>\n<p class=\"nota-justify\">Como parte de la invitaci\u00f3n recibida por parte de la c\u00f3nsul general de M\u00e9xico en esa ciudad, Alicia Kerber Palma, el magistrado escuch\u00f3 los planteamientos de las representaciones de los distintos grupos de connacionales en esa ciudad, una de las 10 m\u00e1s importantes en Estados Unidos, con quienes reflexion\u00f3 sobre los retos asumidos en las elecciones federales de 2024, la importancia de los primeros comicios de juzgadores del Poder Judicial en 2025 y los desaf\u00edos para 2027.<\/p>\n<p class=\"nota-justify\">Atendi\u00f3 las inquietudes planteadas por los liderazgos migrantes y se ofreci\u00f3 a transmitir sus propuestas a las autoridades mexicanas correspondientes, para que sean consideradas para pr\u00f3ximas jornadas electorales.<\/p>\n<p class=\"nota-justify\">Los representantes solicitaron que los migrantes tengan una mayor participaci\u00f3n pol\u00edtica-electoral en 2027.<\/p>\n<p class=\"nota-justify\">En la reuni\u00f3n estuvieron integrantes y dirigentes de diferentes organizaciones de connacionales en San Diego, California, como USA Multicultural; Magnolias; Proyecto Trans Latinas; Federaci\u00f3n de Nayaritas en San Diego; Red Binacional Sinaloense; Club Libertad Justicia y Ley; Hidalguenses South California, y Herencia Hispana, entre otros.<\/p>\n","protected":false},"excerpt":{"rendered":"<p>El presidente del Tribunal Electoral del Poder Judicial de la Federaci\u00f3n (TEPJF), Gilberto Batiz, se manifest\u00f3 en favor de posponer<\/p>\n","protected":false},"author":4,"featured_media":77774,"comment_status":"closed","ping_status":"closed","sticky":false,"template":"","format":"standard","meta":{"colormag_page_container_layout":"default_layout","colormag_page_sidebar_layout":"default_layout","_jetpack_memberships_contains_paid_content":false,"footnotes":"","jetpack_publicize_message":"","jetpack_publicize_feature_enabled":true,"jetpack_social_post_already_shared":true,"jetpack_social_options":{"image_generator_settings":{"template":"highway","default_image_id":0,"font":"","enabled":false},"version":2}},"categories":[4],"tags":[],"class_list":["post-77773","post","type-post","status-publish","format-standard","has-post-thumbnail","hentry","category-nacional"],"jetpack_publicize_connections":[],"jetpack_featured_media_url":"https:\/\/noticiasveracruz.com\/wp-content\/uploads\/2026\/05\/presidente-del-tepjf-expreso-su-apoyo-a-posponer-la-eleccion-judicial_8078321b-464f-40f8-ab03-4079890dee5d_medialjnimgndimagefullsize.webp","jetpack_sharing_enabled":true,"publishpress_future_action":{"enabled":false,"date":"2026-05-09 01:55:05","action":"change-status","newStatus":"draft","terms":[],"taxonomy":"category","extraData":[]},"publishpress_future_workflow_manual_trigger":{"enabledWorkflows":[]},"_links":{"self":[{"href":"https:\/\/noticiasveracruz.com\/index.php\/wp-json\/wp\/v2\/posts\/77773","targetHints":{"allow":["GET"]}}],"collection":[{"href":"https:\/\/noticiasveracruz.com\/index.php\/wp-json\/wp\/v2\/posts"}],"about":[{"href":"https:\/\/noticiasveracruz.com\/index.php\/wp-json\/wp\/v2\/types\/post"}],"author":[{"embeddable":true,"href":"https:\/\/noticiasveracruz.com\/index.php\/wp-json\/wp\/v2\/users\/4"}],"replies":[{"embeddable":true,"href":"https:\/\/noticiasveracruz.com\/index.php\/wp-json\/wp\/v2\/comments?post=77773"}],"version-history":[{"count":1,"href":"https:\/\/noticiasveracruz.com\/index.php\/wp-json\/wp\/v2\/posts\/77773\/revisions"}],"predecessor-version":[{"id":77775,"href":"https:\/\/noticiasveracruz.com\/index.php\/wp-json\/wp\/v2\/posts\/77773\/revisions\/77775"}],"wp:featuredmedia":[{"embeddable":true,"href":"https:\/\/noticiasveracruz.com\/index.php\/wp-json\/wp\/v2\/media\/77774"}],"wp:attachment":[{"href":"https:\/\/noticiasveracruz.com\/index.php\/wp-json\/wp\/v2\/media?parent=77773"}],"wp:term":[{"taxonomy":"category","embeddable":true,"href":"https:\/\/noticiasveracruz.com\/index.php\/wp-json\/wp\/v2\/categories?post=77773"},{"taxonomy":"post_tag","embeddable":true,"href":"https:\/\/noticiasveracruz.com\/index.php\/wp-json\/wp\/v2\/tags?post=77773"}],"curies":[{"name":"wp","href":"https:\/\/api.w.org\/{rel}","templated":true}]}}