{"id":77761,"date":"2026-05-02T00:04:25","date_gmt":"2026-05-02T06:04:25","guid":{"rendered":"https:\/\/noticiasveracruz.com\/?p=77761"},"modified":"2026-05-01T22:08:48","modified_gmt":"2026-05-02T04:08:48","slug":"aprueba-xalapa-plan-municipal-de-desarrollo-2026-2029","status":"publish","type":"post","link":"https:\/\/noticiasveracruz.com\/index.php\/2026\/05\/02\/aprueba-xalapa-plan-municipal-de-desarrollo-2026-2029\/","title":{"rendered":"Aprueba Xalapa Plan Municipal de Desarrollo 2026-2029"},"content":{"rendered":"<p>El Cabildo de Xalapa aprob\u00f3 el Plan Municipal de Desarrollo (PMD) 2026-2029, documento que guiar\u00e1 las acciones del Ayuntamiento durante los pr\u00f3ximos cuatro a\u00f1os.<\/p>\n<p>La alcaldesa Daniela Griego Ceballos inform\u00f3 que el plan fue elaborado por el propio equipo del Gobierno Municipal, sin contratar consultoras externas, y destac\u00f3 la participaci\u00f3n ciudadana a trav\u00e9s de foros de consulta y trabajo territorial.<\/p>\n<p>Se\u00f1al\u00f3 que el documento refleja las necesidades reales de la poblaci\u00f3n, al integrarse con aportaciones recabadas durante jornadas como el D\u00eda del Pueblo y recorridos en colonias y comunidades.<\/p>\n<p>El PMD se estructura en cinco ejes rectores: Desarrollo Social, Inclusi\u00f3n y Bienestar; Protecci\u00f3n del Medio Ambiente; Desarrollo Urbano con movilidad e infraestructura; Desarrollo Econ\u00f3mico y turismo; as\u00ed como Seguridad Ciudadana y Cultura de Paz.<\/p>\n<p>Durante la sesi\u00f3n tambi\u00e9n se aprobaron diversos convenios de colaboraci\u00f3n, entre ellos con la C\u00e1mara Mexicana de la Industria de la Construcci\u00f3n (CMIC) para impulsar infraestructura municipal, y con la Secretar\u00eda de Gobierno de Veracruz en materia de catastro.<\/p>\n<p>Asimismo, se aval\u00f3 un acuerdo con la Secretar\u00eda de Cultura federal para instalar una Audioteca Remota, que permitir\u00e1 el acceso al acervo de la Fonoteca Nacional y fortalecer los servicios del Museo de la M\u00fasica Veracruzana.<\/p>\n<p>En materia cultural, se aprob\u00f3 el Programa de Apoyo a Creadores Art\u00edsticos, que contempla descuentos en espacios culturales y convocatorias para est\u00edmulos en distintas disciplinas.<\/p>\n<p>El Cabildo tambi\u00e9n autoriz\u00f3 la contrataci\u00f3n de un despacho especializado para realizar el dictamen del IMSS del ejercicio fiscal 2025, y tom\u00f3 protesta a integrantes del Consejo de la Cr\u00f3nica Municipal.<\/p>\n<p>Finalmente, se avalaron convenios con el DIF Estatal para implementar acciones en alimentaci\u00f3n, salud y bienestar comunitario, as\u00ed como el programa DIF Pilares.<\/p>\n","protected":false},"excerpt":{"rendered":"<p>El Cabildo de Xalapa aprob\u00f3 el Plan Municipal de Desarrollo (PMD) 2026-2029, documento que guiar\u00e1 las acciones del Ayuntamiento durante<\/p>\n","protected":false},"author":4,"featured_media":77762,"comment_status":"closed","ping_status":"closed","sticky":false,"template":"","format":"standard","meta":{"colormag_page_container_layout":"default_layout","colormag_page_sidebar_layout":"default_layout","_jetpack_memberships_contains_paid_content":false,"footnotes":"","jetpack_publicize_message":"","jetpack_publicize_feature_enabled":true,"jetpack_social_post_already_shared":true,"jetpack_social_options":{"image_generator_settings":{"template":"highway","default_image_id":0,"font":"","enabled":false},"version":2}},"categories":[356],"tags":[],"class_list":["post-77761","post","type-post","status-publish","format-standard","has-post-thumbnail","hentry","category-veracruz"],"jetpack_publicize_connections":[],"jetpack_featured_media_url":"https:\/\/noticiasveracruz.com\/wp-content\/uploads\/2026\/05\/XA.jpg","jetpack_sharing_enabled":true,"publishpress_future_action":{"enabled":false,"date":"2026-05-09 02:59:44","action":"change-status","newStatus":"draft","terms":[],"taxonomy":"category","extraData":[]},"publishpress_future_workflow_manual_trigger":{"enabledWorkflows":[]},"_links":{"self":[{"href":"https:\/\/noticiasveracruz.com\/index.php\/wp-json\/wp\/v2\/posts\/77761","targetHints":{"allow":["GET"]}}],"collection":[{"href":"https:\/\/noticiasveracruz.com\/index.php\/wp-json\/wp\/v2\/posts"}],"about":[{"href":"https:\/\/noticiasveracruz.com\/index.php\/wp-json\/wp\/v2\/types\/post"}],"author":[{"embeddable":true,"href":"https:\/\/noticiasveracruz.com\/index.php\/wp-json\/wp\/v2\/users\/4"}],"replies":[{"embeddable":true,"href":"https:\/\/noticiasveracruz.com\/index.php\/wp-json\/wp\/v2\/comments?post=77761"}],"version-history":[{"count":1,"href":"https:\/\/noticiasveracruz.com\/index.php\/wp-json\/wp\/v2\/posts\/77761\/revisions"}],"predecessor-version":[{"id":77763,"href":"https:\/\/noticiasveracruz.com\/index.php\/wp-json\/wp\/v2\/posts\/77761\/revisions\/77763"}],"wp:featuredmedia":[{"embeddable":true,"href":"https:\/\/noticiasveracruz.com\/index.php\/wp-json\/wp\/v2\/media\/77762"}],"wp:attachment":[{"href":"https:\/\/noticiasveracruz.com\/index.php\/wp-json\/wp\/v2\/media?parent=77761"}],"wp:term":[{"taxonomy":"category","embeddable":true,"href":"https:\/\/noticiasveracruz.com\/index.php\/wp-json\/wp\/v2\/categories?post=77761"},{"taxonomy":"post_tag","embeddable":true,"href":"https:\/\/noticiasveracruz.com\/index.php\/wp-json\/wp\/v2\/tags?post=77761"}],"curies":[{"name":"wp","href":"https:\/\/api.w.org\/{rel}","templated":true}]}}