{"id":77752,"date":"2026-05-02T00:02:12","date_gmt":"2026-05-02T06:02:12","guid":{"rendered":"https:\/\/noticiasveracruz.com\/?p=77752"},"modified":"2026-05-01T22:06:37","modified_gmt":"2026-05-02T04:06:37","slug":"preven-calor-de-hasta-35c","status":"publish","type":"post","link":"https:\/\/noticiasveracruz.com\/index.php\/2026\/05\/02\/preven-calor-de-hasta-35c\/","title":{"rendered":"Prev\u00e9n calor de hasta 35\u00b0C"},"content":{"rendered":"<p>Este viernes 1 de mayo, Xalapa registrar\u00e1 las temperaturas m\u00e1s altas de la actual ola de calor, con m\u00e1ximas de hasta 35 grados, en el marco del desfile por el D\u00eda del Trabajo, donde se prev\u00e9 la participaci\u00f3n de 65 mil trabajadores.<\/p>\n<p>La jefa de Hidrometeorolog\u00eda de la Conagua, Jessica Luna Lagunes, advirti\u00f3 que se trata del d\u00eda m\u00e1s caluroso del periodo reciente en Veracruz.<\/p>\n<p>\u201cUn d\u00eda bastante caluroso, posiblemente sea el m\u00e1s caluroso de esta ola de calor que se ha presentado en el estado\u201d, se\u00f1al\u00f3.<\/p>\n<p>Explic\u00f3 que las altas temperaturas persistir\u00e1n en gran parte del estado e incluso podr\u00edan incrementarse entre uno y dos grados respecto a d\u00edas previos.<\/p>\n<p>Ante este escenario, recomend\u00f3 a quienes asistan al desfile usar ropa ligera y de colores claros, as\u00ed como gorra, sombrero o sombrilla, adem\u00e1s de mantenerse hidratados para evitar afectaciones.<\/p>\n<p>Tambi\u00e9n pidi\u00f3 estar atentos a s\u00edntomas como mareo o n\u00e1useas, ya que podr\u00edan indicar un golpe de calor, por lo que se debe buscar atenci\u00f3n m\u00e9dica de inmediato.<\/p>\n<p>Finalmente, adelant\u00f3 que hacia el fin de semana se prev\u00e9 un cambio en las condiciones meteorol\u00f3gicas con el ingreso del frente fr\u00edo n\u00famero 48, que provocar\u00e1 una disminuci\u00f3n de temperaturas, m\u00e1s perceptible el domingo.<\/p>\n","protected":false},"excerpt":{"rendered":"<p>Este viernes 1 de mayo, Xalapa registrar\u00e1 las temperaturas m\u00e1s altas de la actual ola de calor, con m\u00e1ximas de<\/p>\n","protected":false},"author":4,"featured_media":77753,"comment_status":"closed","ping_status":"closed","sticky":false,"template":"","format":"standard","meta":{"colormag_page_container_layout":"default_layout","colormag_page_sidebar_layout":"default_layout","_jetpack_memberships_contains_paid_content":false,"footnotes":"","jetpack_publicize_message":"","jetpack_publicize_feature_enabled":true,"jetpack_social_post_already_shared":true,"jetpack_social_options":{"image_generator_settings":{"template":"highway","default_image_id":0,"font":"","enabled":false},"version":2}},"categories":[356],"tags":[],"class_list":["post-77752","post","type-post","status-publish","format-standard","has-post-thumbnail","hentry","category-veracruz"],"jetpack_publicize_connections":[],"jetpack_featured_media_url":"https:\/\/noticiasveracruz.com\/wp-content\/uploads\/2026\/05\/CAL.jpg","jetpack_sharing_enabled":true,"publishpress_future_action":{"enabled":false,"date":"2026-05-09 03:02:27","action":"change-status","newStatus":"draft","terms":[],"taxonomy":"category","extraData":[]},"publishpress_future_workflow_manual_trigger":{"enabledWorkflows":[]},"_links":{"self":[{"href":"https:\/\/noticiasveracruz.com\/index.php\/wp-json\/wp\/v2\/posts\/77752","targetHints":{"allow":["GET"]}}],"collection":[{"href":"https:\/\/noticiasveracruz.com\/index.php\/wp-json\/wp\/v2\/posts"}],"about":[{"href":"https:\/\/noticiasveracruz.com\/index.php\/wp-json\/wp\/v2\/types\/post"}],"author":[{"embeddable":true,"href":"https:\/\/noticiasveracruz.com\/index.php\/wp-json\/wp\/v2\/users\/4"}],"replies":[{"embeddable":true,"href":"https:\/\/noticiasveracruz.com\/index.php\/wp-json\/wp\/v2\/comments?post=77752"}],"version-history":[{"count":1,"href":"https:\/\/noticiasveracruz.com\/index.php\/wp-json\/wp\/v2\/posts\/77752\/revisions"}],"predecessor-version":[{"id":77754,"href":"https:\/\/noticiasveracruz.com\/index.php\/wp-json\/wp\/v2\/posts\/77752\/revisions\/77754"}],"wp:featuredmedia":[{"embeddable":true,"href":"https:\/\/noticiasveracruz.com\/index.php\/wp-json\/wp\/v2\/media\/77753"}],"wp:attachment":[{"href":"https:\/\/noticiasveracruz.com\/index.php\/wp-json\/wp\/v2\/media?parent=77752"}],"wp:term":[{"taxonomy":"category","embeddable":true,"href":"https:\/\/noticiasveracruz.com\/index.php\/wp-json\/wp\/v2\/categories?post=77752"},{"taxonomy":"post_tag","embeddable":true,"href":"https:\/\/noticiasveracruz.com\/index.php\/wp-json\/wp\/v2\/tags?post=77752"}],"curies":[{"name":"wp","href":"https:\/\/api.w.org\/{rel}","templated":true}]}}