{"id":77742,"date":"2026-05-01T00:19:52","date_gmt":"2026-05-01T06:19:52","guid":{"rendered":"https:\/\/noticiasveracruz.com\/?p=77742"},"modified":"2026-04-30T23:55:35","modified_gmt":"2026-05-01T05:55:35","slug":"argentina-gobierno-de-milei-volvera-a-permitir-el-acceso-de-periodistas-a-la-casa-rosada","status":"publish","type":"post","link":"https:\/\/noticiasveracruz.com\/index.php\/2026\/05\/01\/argentina-gobierno-de-milei-volvera-a-permitir-el-acceso-de-periodistas-a-la-casa-rosada\/","title":{"rendered":"Argentina: gobierno de Milei volver\u00e1 a permitir el acceso de periodistas a la Casa Rosada"},"content":{"rendered":"<p class=\"nota-justify\">Los periodistas acreditados volver\u00e1n a ingresar este lunes a la Casa Rosada, sede del gobierno argentino, tras m\u00e1s de una semana de bloqueo por una denuncia de supuesto espionaje, confirm\u00f3 este jueves a la AFP una fuente de la presidencia.<\/p>\n<p class=\"nota-justify\">La medida deja sin efecto una restricci\u00f3n in\u00e9dita que desde el 23 de abril imped\u00eda el acceso de medio centenar de reporteros a su lugar habitual de trabajo y que hab\u00eda provocado cr\u00edticas de asociaciones period\u00edsticas, dirigentes opositores y de la Iglesia cat\u00f3lica.<\/p>\n<p class=\"nota-justify\">El gobierno de Javier Milei hab\u00eda justificado la decisi\u00f3n como una medida \u00abpreventiva\u00bb, luego de que la Casa Militar, encargada de la seguridad de la sede presidencial, impulsara una investigaci\u00f3n judicial contra dos periodistas del canal Todo Noticias por haber filmado en sectores supuestamente restringidos y sin autorizaci\u00f3n.<\/p>\n<p class=\"nota-justify\">Los periodistas sostuvieron que contaban con permiso y que los lugares registrados suelen ser recorridos incluso por ni\u00f1os durante visitas escolares. El diario\u00a0<i>\u00c1mbito Financiero<\/i>\u00a0present\u00f3 el 24 de abril un amparo judicial, mientras el sindicato de Prensa de Buenos Aires (Sipreba) preparaba acciones similares.<\/p>\n","protected":false},"excerpt":{"rendered":"<p>Los periodistas acreditados volver\u00e1n a ingresar este lunes a la Casa Rosada, sede del gobierno argentino, tras m\u00e1s de una<\/p>\n","protected":false},"author":4,"featured_media":77743,"comment_status":"closed","ping_status":"closed","sticky":false,"template":"","format":"standard","meta":{"colormag_page_container_layout":"default_layout","colormag_page_sidebar_layout":"default_layout","_jetpack_memberships_contains_paid_content":false,"footnotes":"","jetpack_publicize_message":"","jetpack_publicize_feature_enabled":true,"jetpack_social_post_already_shared":true,"jetpack_social_options":{"image_generator_settings":{"template":"highway","default_image_id":0,"font":"","enabled":false},"version":2}},"categories":[355],"tags":[],"class_list":["post-77742","post","type-post","status-publish","format-standard","has-post-thumbnail","hentry","category-internacional"],"jetpack_publicize_connections":[],"jetpack_featured_media_url":"https:\/\/noticiasveracruz.com\/wp-content\/uploads\/2026\/04\/PERO-1.webp","jetpack_sharing_enabled":true,"publishpress_future_action":{"enabled":false,"date":"2026-05-08 02:31:33","action":"change-status","newStatus":"draft","terms":[],"taxonomy":"category","extraData":[]},"publishpress_future_workflow_manual_trigger":{"enabledWorkflows":[]},"_links":{"self":[{"href":"https:\/\/noticiasveracruz.com\/index.php\/wp-json\/wp\/v2\/posts\/77742","targetHints":{"allow":["GET"]}}],"collection":[{"href":"https:\/\/noticiasveracruz.com\/index.php\/wp-json\/wp\/v2\/posts"}],"about":[{"href":"https:\/\/noticiasveracruz.com\/index.php\/wp-json\/wp\/v2\/types\/post"}],"author":[{"embeddable":true,"href":"https:\/\/noticiasveracruz.com\/index.php\/wp-json\/wp\/v2\/users\/4"}],"replies":[{"embeddable":true,"href":"https:\/\/noticiasveracruz.com\/index.php\/wp-json\/wp\/v2\/comments?post=77742"}],"version-history":[{"count":1,"href":"https:\/\/noticiasveracruz.com\/index.php\/wp-json\/wp\/v2\/posts\/77742\/revisions"}],"predecessor-version":[{"id":77744,"href":"https:\/\/noticiasveracruz.com\/index.php\/wp-json\/wp\/v2\/posts\/77742\/revisions\/77744"}],"wp:featuredmedia":[{"embeddable":true,"href":"https:\/\/noticiasveracruz.com\/index.php\/wp-json\/wp\/v2\/media\/77743"}],"wp:attachment":[{"href":"https:\/\/noticiasveracruz.com\/index.php\/wp-json\/wp\/v2\/media?parent=77742"}],"wp:term":[{"taxonomy":"category","embeddable":true,"href":"https:\/\/noticiasveracruz.com\/index.php\/wp-json\/wp\/v2\/categories?post=77742"},{"taxonomy":"post_tag","embeddable":true,"href":"https:\/\/noticiasveracruz.com\/index.php\/wp-json\/wp\/v2\/tags?post=77742"}],"curies":[{"name":"wp","href":"https:\/\/api.w.org\/{rel}","templated":true}]}}