{"id":77727,"date":"2026-05-01T00:14:26","date_gmt":"2026-05-01T06:14:26","guid":{"rendered":"https:\/\/noticiasveracruz.com\/?p=77727"},"modified":"2026-04-30T23:43:11","modified_gmt":"2026-05-01T05:43:11","slug":"la-corte-cierra-la-puerta-a-pueblos-indigenas-de-sonora-que-impugnan-reforma-electoral-sin-consulta","status":"publish","type":"post","link":"https:\/\/noticiasveracruz.com\/index.php\/2026\/05\/01\/la-corte-cierra-la-puerta-a-pueblos-indigenas-de-sonora-que-impugnan-reforma-electoral-sin-consulta\/","title":{"rendered":"La Corte cierra la puerta a pueblos ind\u00edgenas de Sonora que impugnan reforma electoral sin consulta"},"content":{"rendered":"<p class=\"nota-justify\">La Suprema Corte de Justicia de la Naci\u00f3n (SCJN) rechaz\u00f3 conocer los amparos promovidos por integrantes de conunidades ind\u00edgenas de Sonora que objetaron que no fueron consultados durante la reforma que homolog\u00f3 las elecciones estatales con las federales y se fij\u00f3, por \u00fanica ocasi\u00f3n, una gubernatura de tres a\u00f1os en 2027, informaron miembros de la etnia Guarij\u00edo.<\/p>\n<p class=\"nota-justify\">Con cinco votos en contra y tres a favor, el Pleno fij\u00f3 no reasumir competencia, por lo que los amparos que fueron promovidos por integrantes de la Naci\u00f3n Tojono O\u2019otam y de la etnia Guarij\u00edo (Makurawe), mismos que ayer permanecieron por m\u00e1s de 10 horas en el recinto para obtener una respuesta a su demanda para determinar el futuro de sus comunidades, fueron negados, adem\u00e1s, exigieron ser atendidos por el ministro presidente, Hugo Aguilar Ortiz, quien a pesar de haberlos citado de manera formal, no los atendi\u00f3.<\/p>\n<div id=\"article-content-tts\" class=\"nota-contenido mb-5\">\n<div id=\"content_nitf\">\n<p class=\"nota-justify\">Los demandantes consideraron que es obligatorio realizar una consulta previa a los pueblos ind\u00edgenas ante una reforma constitucional local que sincroniza las elecciones y reduce el periodo del ejecutivo estatal a tres a\u00f1os bajo el nuevo paradigma constitucional que los reconoce como sujetos de derecho p\u00fablico y actores pol\u00edticos con voz y voto en su propio desarrollo.<\/p>\n<p class=\"nota-justify\">En ambos juicios se impugna el Decreto 38 del Congreso de Sonora, publicado en marzo de 2023, que homolog\u00f3 las elecciones estatales con las federales. En ese contexto, argumentaron que dicha reforma se autoriz\u00f3 sin una consulta a las comunidades ind\u00edgenas donde se determin\u00f3 que no hab\u00eda inter\u00e9s leg\u00edtimo; que la reforma no generaba un impacto significativo en las comunidades.<\/p>\n<p class=\"nota-justify\">El Primer Tribunal Colegiado del Quinto Circuito anul\u00f3 el proceso en uno de los expedientes y propuso que la Corte atrajera ambos casos, al considerar que plantean cuestiones de importancia y trascendencia, por lo que el asunto regresar\u00e1 al Tribunal Colegiado.<\/p>\n<p class=\"nota-justify\">Las comunidades mencionan que la reforma traer\u00e1 una afectaci\u00f3n a la continuidad de los Planes de Justicia para Pueblos Ind\u00edgenas de Sonora y tambi\u00e9n al pueblo Yaqui, Yoreme-Mayo, Seri (Comca\u2019ac) y Guarij\u00edo (Makurawe). Estos planes constituyen instrumentos gubernamentales de pol\u00edtica p\u00fablica de largo plazo con ejecuci\u00f3n presupuestal progresiva que dependen directamente de la voluntad pol\u00edtica y la continuidad administrativa del Ejecutivo estatal.<\/p>\n<\/div>\n<\/div>\n<div class=\"notas-relacionadas\"><\/div>\n<div class=\"nota-tags\"><\/div>\n","protected":false},"excerpt":{"rendered":"<p>La Suprema Corte de Justicia de la Naci\u00f3n (SCJN) rechaz\u00f3 conocer los amparos promovidos por integrantes de conunidades ind\u00edgenas de<\/p>\n","protected":false},"author":4,"featured_media":77728,"comment_status":"closed","ping_status":"closed","sticky":false,"template":"","format":"standard","meta":{"colormag_page_container_layout":"default_layout","colormag_page_sidebar_layout":"default_layout","_jetpack_memberships_contains_paid_content":false,"footnotes":"","jetpack_publicize_message":"","jetpack_publicize_feature_enabled":true,"jetpack_social_post_already_shared":true,"jetpack_social_options":{"image_generator_settings":{"template":"highway","default_image_id":0,"font":"","enabled":false},"version":2}},"categories":[145],"tags":[],"class_list":["post-77727","post","type-post","status-publish","format-standard","has-post-thumbnail","hentry","category-estados"],"jetpack_publicize_connections":[],"jetpack_featured_media_url":"https:\/\/noticiasveracruz.com\/wp-content\/uploads\/2026\/04\/INDIG.webp","jetpack_sharing_enabled":true,"publishpress_future_action":{"enabled":false,"date":"2026-05-08 02:14:39","action":"change-status","newStatus":"draft","terms":[],"taxonomy":"category","extraData":[]},"publishpress_future_workflow_manual_trigger":{"enabledWorkflows":[]},"_links":{"self":[{"href":"https:\/\/noticiasveracruz.com\/index.php\/wp-json\/wp\/v2\/posts\/77727","targetHints":{"allow":["GET"]}}],"collection":[{"href":"https:\/\/noticiasveracruz.com\/index.php\/wp-json\/wp\/v2\/posts"}],"about":[{"href":"https:\/\/noticiasveracruz.com\/index.php\/wp-json\/wp\/v2\/types\/post"}],"author":[{"embeddable":true,"href":"https:\/\/noticiasveracruz.com\/index.php\/wp-json\/wp\/v2\/users\/4"}],"replies":[{"embeddable":true,"href":"https:\/\/noticiasveracruz.com\/index.php\/wp-json\/wp\/v2\/comments?post=77727"}],"version-history":[{"count":1,"href":"https:\/\/noticiasveracruz.com\/index.php\/wp-json\/wp\/v2\/posts\/77727\/revisions"}],"predecessor-version":[{"id":77729,"href":"https:\/\/noticiasveracruz.com\/index.php\/wp-json\/wp\/v2\/posts\/77727\/revisions\/77729"}],"wp:featuredmedia":[{"embeddable":true,"href":"https:\/\/noticiasveracruz.com\/index.php\/wp-json\/wp\/v2\/media\/77728"}],"wp:attachment":[{"href":"https:\/\/noticiasveracruz.com\/index.php\/wp-json\/wp\/v2\/media?parent=77727"}],"wp:term":[{"taxonomy":"category","embeddable":true,"href":"https:\/\/noticiasveracruz.com\/index.php\/wp-json\/wp\/v2\/categories?post=77727"},{"taxonomy":"post_tag","embeddable":true,"href":"https:\/\/noticiasveracruz.com\/index.php\/wp-json\/wp\/v2\/tags?post=77727"}],"curies":[{"name":"wp","href":"https:\/\/api.w.org\/{rel}","templated":true}]}}