{"id":77724,"date":"2026-05-01T00:13:57","date_gmt":"2026-05-01T06:13:57","guid":{"rendered":"https:\/\/noticiasveracruz.com\/?p=77724"},"modified":"2026-04-30T23:41:39","modified_gmt":"2026-05-01T05:41:39","slug":"congreso-de-queretaro-aprueba-reforma-para-reconocer-la-identidad-de-genero-autopercibida","status":"publish","type":"post","link":"https:\/\/noticiasveracruz.com\/index.php\/2026\/05\/01\/congreso-de-queretaro-aprueba-reforma-para-reconocer-la-identidad-de-genero-autopercibida\/","title":{"rendered":"Congreso de Quer\u00e9taro aprueba reforma para reconocer la identidad de g\u00e9nero autopercibida"},"content":{"rendered":"<div id=\"article-content-tts\" class=\"nota-contenido mb-5\">\n<div id=\"content_nitf\">\n<p class=\"nota-justify\" data-start=\"103\" data-end=\"475\">Tras una sesi\u00f3n de pleno de m\u00e1s de tres horas, marcada por un intenso y acalorado debate, la LXI Legislatura del estado aprob\u00f3 el dictamen de la iniciativa de ley que adiciona diversos art\u00edculos al C\u00f3digo Civil de Quer\u00e9taro para reconocer la identidad de g\u00e9nero autopercibida mediante un procedimiento administrativo ante el Registro Civil.<\/p>\n<p class=\"nota-justify\" data-start=\"477\" data-end=\"942\">Mientras se desarrollaba la discusi\u00f3n legislativa, a las afueras del Congreso local se congregaron grupos con posturas encontradas. Por un lado, un numeroso contingente de personas con pancartas y mantas de car\u00e1cter religioso realiz\u00f3 plegarias y rez\u00f3 el rosario en rechazo a la reforma. A pocos metros, activistas por los derechos de las personas no binarias, artistas y personas transg\u00e9nero manifestaron su respaldo a la iniciativa y al reconocimiento de derechos.<\/p>\n<p class=\"nota-justify\" data-start=\"944\" data-end=\"1263\">La reforma fue aprobada con 14 votos a favor, emitidos por legisladores de Morena y Partido del Trabajo, y 11 votos en contra de la bancada del Partido Acci\u00f3n Nacional. Con ello, se destrab\u00f3 una discusi\u00f3n que hab\u00eda permanecido pendiente durante una d\u00e9cada.<\/p>\n<p class=\"nota-justify\" data-start=\"1265\" data-end=\"1643\">Al concluir la votaci\u00f3n, personas transg\u00e9nero, activistas, artistas y acad\u00e9micas celebraron la aprobaci\u00f3n desde la galer\u00eda del sal\u00f3n de plenos y posteriormente trasladaron los festejos al exterior del recinto, donde se encontraron con grupos opositores que les gritaban consignas como \u201cno han ganado nada\u201d. El intercambio verbal deriv\u00f3 en momentos de tensi\u00f3n entre ambos grupos.<\/p>\n<p class=\"nota-justify\" data-start=\"1645\" data-end=\"2078\">Previo a la sesi\u00f3n, en redes sociales se intensific\u00f3 el debate sobre la iniciativa. Activistas por los derechos de las disidencias sexuales cuestionaron los argumentos de la diputada panista Juliana Hern\u00e1ndez, al considerar que sus planteamientos conten\u00edan errores conceptuales y reproduc\u00edan sesgos de g\u00e9nero al asociar a personas trans con riesgos para la ni\u00f1ez y con supuestas amenazas a espacios diferenciados.<\/p>\n<p class=\"nota-justify\" data-start=\"2080\" data-end=\"2502\">A la discusi\u00f3n p\u00fablica tambi\u00e9n se sum\u00f3 Rodrigo Iv\u00e1n Cort\u00e9s, presidente nacional del Frente Nacional por la Familia, quien a trav\u00e9s de un mensaje en video dirigido al gobernador Mauricio Kuri Gonz\u00e1lez calific\u00f3 la reforma como una \u201catrocidad\u201d y un \u201cterrible regalo del D\u00eda del Ni\u00f1o\u201d. Afirm\u00f3 que se trata de \u201cuna iniciativa que pretende imponer la ideolog\u00eda de la confusi\u00f3n de g\u00e9nero\u201d.<\/p>\n<p class=\"nota-justify\" data-start=\"2504\" data-end=\"2819\">En la misma sesi\u00f3n, el pleno tambi\u00e9n aprob\u00f3 una iniciativa de reforma al C\u00f3digo Penal del estado en materia de abuso sexual, con la que se establece una nueva definici\u00f3n del delito y se coloca en el centro el consentimiento frente a actos de car\u00e1cter sexual, al precisar que \u00e9ste no puede presumirse en ning\u00fan caso.<\/p>\n<p class=\"nota-justify\" data-start=\"2821\" data-end=\"3043\">Asimismo, se ampli\u00f3 el cat\u00e1logo de agravantes con el prop\u00f3sito de fortalecer la protecci\u00f3n a las v\u00edctimas frente a situaciones en las que el ejercicio abusivo del poder las coloca en condiciones de especial vulnerabilidad.<\/p>\n<\/div>\n<\/div>\n<div class=\"notas-relacionadas\"><\/div>\n<div class=\"nota-tags\"><\/div>\n","protected":false},"excerpt":{"rendered":"<p>Tras una sesi\u00f3n de pleno de m\u00e1s de tres horas, marcada por un intenso y acalorado debate, la LXI Legislatura<\/p>\n","protected":false},"author":4,"featured_media":77725,"comment_status":"closed","ping_status":"closed","sticky":false,"template":"","format":"standard","meta":{"colormag_page_container_layout":"default_layout","colormag_page_sidebar_layout":"default_layout","_jetpack_memberships_contains_paid_content":false,"footnotes":"","jetpack_publicize_message":"","jetpack_publicize_feature_enabled":true,"jetpack_social_post_already_shared":true,"jetpack_social_options":{"image_generator_settings":{"template":"highway","default_image_id":0,"font":"","enabled":false},"version":2}},"categories":[145],"tags":[],"class_list":["post-77724","post","type-post","status-publish","format-standard","has-post-thumbnail","hentry","category-estados"],"jetpack_publicize_connections":[],"jetpack_featured_media_url":"https:\/\/noticiasveracruz.com\/wp-content\/uploads\/2026\/04\/PENDEJADAS.webp","jetpack_sharing_enabled":true,"publishpress_future_action":{"enabled":false,"date":"2026-05-08 02:17:04","action":"change-status","newStatus":"draft","terms":[],"taxonomy":"category","extraData":[]},"publishpress_future_workflow_manual_trigger":{"enabledWorkflows":[]},"_links":{"self":[{"href":"https:\/\/noticiasveracruz.com\/index.php\/wp-json\/wp\/v2\/posts\/77724","targetHints":{"allow":["GET"]}}],"collection":[{"href":"https:\/\/noticiasveracruz.com\/index.php\/wp-json\/wp\/v2\/posts"}],"about":[{"href":"https:\/\/noticiasveracruz.com\/index.php\/wp-json\/wp\/v2\/types\/post"}],"author":[{"embeddable":true,"href":"https:\/\/noticiasveracruz.com\/index.php\/wp-json\/wp\/v2\/users\/4"}],"replies":[{"embeddable":true,"href":"https:\/\/noticiasveracruz.com\/index.php\/wp-json\/wp\/v2\/comments?post=77724"}],"version-history":[{"count":1,"href":"https:\/\/noticiasveracruz.com\/index.php\/wp-json\/wp\/v2\/posts\/77724\/revisions"}],"predecessor-version":[{"id":77726,"href":"https:\/\/noticiasveracruz.com\/index.php\/wp-json\/wp\/v2\/posts\/77724\/revisions\/77726"}],"wp:featuredmedia":[{"embeddable":true,"href":"https:\/\/noticiasveracruz.com\/index.php\/wp-json\/wp\/v2\/media\/77725"}],"wp:attachment":[{"href":"https:\/\/noticiasveracruz.com\/index.php\/wp-json\/wp\/v2\/media?parent=77724"}],"wp:term":[{"taxonomy":"category","embeddable":true,"href":"https:\/\/noticiasveracruz.com\/index.php\/wp-json\/wp\/v2\/categories?post=77724"},{"taxonomy":"post_tag","embeddable":true,"href":"https:\/\/noticiasveracruz.com\/index.php\/wp-json\/wp\/v2\/tags?post=77724"}],"curies":[{"name":"wp","href":"https:\/\/api.w.org\/{rel}","templated":true}]}}