{"id":77721,"date":"2026-05-01T00:12:32","date_gmt":"2026-05-01T06:12:32","guid":{"rendered":"https:\/\/noticiasveracruz.com\/?p=77721"},"modified":"2026-04-30T23:18:13","modified_gmt":"2026-05-01T05:18:13","slug":"debil-arranque-de-la-economia-por-tensiones-externas-hacienda-mantendra-apoyo-a-gasolinas","status":"publish","type":"post","link":"https:\/\/noticiasveracruz.com\/index.php\/2026\/05\/01\/debil-arranque-de-la-economia-por-tensiones-externas-hacienda-mantendra-apoyo-a-gasolinas\/","title":{"rendered":"D\u00e9bil arranque de la econom\u00eda, por tensiones externas: Hacienda; mantendr\u00e1 apoyo a gasolinas"},"content":{"rendered":"<p class=\"nota-justify\">El d\u00e9bil desempe\u00f1o de la econom\u00eda mexicana al arranque del a\u00f1o responde a un entorno internacional m\u00e1s incierto que incluye cambios en la pol\u00edtica comercial global. Esos cambios ya afectaron al sector manufacturero y pasaron factura sobre las decisiones de consumo y de inversi\u00f3n, plante\u00f3 \u00c9dgar Amador Zamora, titular de la Secretar\u00eda de Hacienda y Cr\u00e9dito P\u00fablico (SHCP).<\/p>\n<p class=\"nota-justify\">En este entorno, marcado tambi\u00e9n por las presiones sobre los precios de los energ\u00e9ticos por el conflicto en Medio Oriente, el objetivo de la administraci\u00f3n es proteger los ingresos de las familias mexicanas,\u00a0por lo que anticipa mantener los mecanismos de apoyo para amortiguar el impacto en los costos de las gasolinas, dijo Amador Zamora.<\/p>\n<p class=\"nota-justify\">Esta ma\u00f1ana, el Instituto Nacional de Estad\u00edstica y Geograf\u00eda (Inegi) inform\u00f3 que, en el primer trimestre del a\u00f1o,\u00a0<a href=\"https:\/\/www.jornada.com.mx\/noticia\/2026\/04\/30\/economia\/pierde-fuerza-la-economia-crece-a-tasa-anual-y-se-contrae-respecto-al-cierre-de-2025\" target=\"_blank\" rel=\"noopener\">la actividad econ\u00f3mica avanz\u00f3 0.2 por ciento<\/a>\u00a0respecto al mismo periodo del a\u00f1o pasado, pero retrocedi\u00f3 0.8 por ciento si se compara con el trimestre inmediato anterior (octubre a diciembre de 2025).<\/p>\n<p class=\"nota-justify\">\u201cDurante el primer trimestre de 2026, la econom\u00eda mexicana moder\u00f3 su ritmo de crecimiento, influida por cambios relevantes en la pol\u00edtica comercial de Estados Unidos y por el conflicto en Medio Oriente&#8230; Estos factores afectaron algunas industrias manufactureras, as\u00ed como los precios de los energ\u00e9ticos y a ciertas cadenas de proveedur\u00eda vinculadas con insumos estrat\u00e9gicos.<\/p>\n<p class=\"nota-justify\">\u201cEl desempe\u00f1o responde a diversos factores: los cambios en la pol\u00edtica comercial en el \u00e1mbito global que han tenido efectos sobre las industrias manufactureras m\u00e1s expuestas e impactos indirectos a lo largo de las cadenas de proveedur\u00eda. Adem\u00e1s, dichos cambios han generado un mayor grado de incertidumbre que ha incidido sobre\u00a0<a href=\"https:\/\/www.jornada.com.mx\/noticia\/2026\/04\/17\/economia\/ventas-de-la-antad-crecieron-17-en-marzo-en-el-primer-trimestre-el-alza-fue-de-2\" target=\"_blank\" rel=\"noopener\">las decisiones tanto de consumo<\/a>\u00a0como de inversi\u00f3n\u201d, dijo Amador Zamora.<\/p>\n<p class=\"nota-justify\">En conferencia, especific\u00f3 que las actividades primarias (como la agricultura o la pesca, que a tasa anual retrocedieron 0.1 por ciento)\u00a0se han visto afectadas por la ocurrencia de heladas en el norte del pa\u00eds, lo que ha generado disrupciones en la producci\u00f3n de cultivos como el jitomate, el trigo y diversas hortalizas.<\/p>\n<p class=\"nota-justify\">\u201cEn cuanto a los cambios en la pol\u00edtica comercial de Estados Unidos, si bien se han generado presiones sobre nuestras exportaciones automotrices y la cadena de suministros asociadas con este sector, esta tendencia ha sido compensada por el dinamismo de las manufacturas no automotrices\u201d, abund\u00f3 el titular de Hacienda.<\/p>\n<p class=\"nota-justify\">Apunt\u00f3 que, en lo que respecta al consumo interno, durante el primer trimestre del a\u00f1o se observaron \u201csignos de cautela\u201d, pero la moderaci\u00f3n \u201cest\u00e1 estrechamente vinculada con la incertidumbre del entorno econ\u00f3mico internacional\u2026 Cerca del 80 por ciento de la reducci\u00f3n en la confianza del consumidor se explica por la percepci\u00f3n de los hogares sobre las condiciones macroecon\u00f3micas generales y no por un deterioro de su situaci\u00f3n financiera. Esto es consistente con un\u00a0<a href=\"https:\/\/www.jornada.com.mx\/noticia\/2026\/04\/27\/economia\/se-perdieron-227-mil-empleos-en-el-primer-trimestre-de-2026-inegi\" target=\"_blank\" rel=\"noopener\">mercado laboral<\/a>\u00a0s\u00f3lido en el que los salarios reales contin\u00faan creciendo y la tasa de desempleo se mantiene en niveles bajos\u201d.<\/p>\n","protected":false},"excerpt":{"rendered":"<p>El d\u00e9bil desempe\u00f1o de la econom\u00eda mexicana al arranque del a\u00f1o responde a un entorno internacional m\u00e1s incierto que incluye<\/p>\n","protected":false},"author":4,"featured_media":77722,"comment_status":"closed","ping_status":"closed","sticky":false,"template":"","format":"standard","meta":{"colormag_page_container_layout":"default_layout","colormag_page_sidebar_layout":"default_layout","_jetpack_memberships_contains_paid_content":false,"footnotes":"","jetpack_publicize_message":"","jetpack_publicize_feature_enabled":true,"jetpack_social_post_already_shared":true,"jetpack_social_options":{"image_generator_settings":{"template":"highway","default_image_id":0,"font":"","enabled":false},"version":2}},"categories":[1947],"tags":[],"class_list":["post-77721","post","type-post","status-publish","format-standard","has-post-thumbnail","hentry","category-economia"],"jetpack_publicize_connections":[],"jetpack_featured_media_url":"https:\/\/noticiasveracruz.com\/wp-content\/uploads\/2026\/04\/POI.webp","jetpack_sharing_enabled":true,"publishpress_future_action":{"enabled":false,"date":"2026-05-08 02:08:41","action":"change-status","newStatus":"draft","terms":[],"taxonomy":"category","extraData":[]},"publishpress_future_workflow_manual_trigger":{"enabledWorkflows":[]},"_links":{"self":[{"href":"https:\/\/noticiasveracruz.com\/index.php\/wp-json\/wp\/v2\/posts\/77721","targetHints":{"allow":["GET"]}}],"collection":[{"href":"https:\/\/noticiasveracruz.com\/index.php\/wp-json\/wp\/v2\/posts"}],"about":[{"href":"https:\/\/noticiasveracruz.com\/index.php\/wp-json\/wp\/v2\/types\/post"}],"author":[{"embeddable":true,"href":"https:\/\/noticiasveracruz.com\/index.php\/wp-json\/wp\/v2\/users\/4"}],"replies":[{"embeddable":true,"href":"https:\/\/noticiasveracruz.com\/index.php\/wp-json\/wp\/v2\/comments?post=77721"}],"version-history":[{"count":1,"href":"https:\/\/noticiasveracruz.com\/index.php\/wp-json\/wp\/v2\/posts\/77721\/revisions"}],"predecessor-version":[{"id":77723,"href":"https:\/\/noticiasveracruz.com\/index.php\/wp-json\/wp\/v2\/posts\/77721\/revisions\/77723"}],"wp:featuredmedia":[{"embeddable":true,"href":"https:\/\/noticiasveracruz.com\/index.php\/wp-json\/wp\/v2\/media\/77722"}],"wp:attachment":[{"href":"https:\/\/noticiasveracruz.com\/index.php\/wp-json\/wp\/v2\/media?parent=77721"}],"wp:term":[{"taxonomy":"category","embeddable":true,"href":"https:\/\/noticiasveracruz.com\/index.php\/wp-json\/wp\/v2\/categories?post=77721"},{"taxonomy":"post_tag","embeddable":true,"href":"https:\/\/noticiasveracruz.com\/index.php\/wp-json\/wp\/v2\/tags?post=77721"}],"curies":[{"name":"wp","href":"https:\/\/api.w.org\/{rel}","templated":true}]}}