{"id":77715,"date":"2026-05-01T00:10:42","date_gmt":"2026-05-01T06:10:42","guid":{"rendered":"https:\/\/noticiasveracruz.com\/?p=77715"},"modified":"2026-04-30T23:14:25","modified_gmt":"2026-05-01T05:14:25","slug":"cambios-en-la-se-vidal-llerenas-sera-propuesto-al-impi-santiago-nieto-deja-el-cargo","status":"publish","type":"post","link":"https:\/\/noticiasveracruz.com\/index.php\/2026\/05\/01\/cambios-en-la-se-vidal-llerenas-sera-propuesto-al-impi-santiago-nieto-deja-el-cargo\/","title":{"rendered":"Cambios en la SE: Vidal Llerenas ser\u00e1 propuesto al IMPI; Santiago Nieto deja el cargo"},"content":{"rendered":"<div id=\"article-content-tts\" class=\"nota-contenido mb-5\">\n<div id=\"content_nitf\">\n<p class=\"nota-justify\">La Secretar\u00eda de Econom\u00eda (SE) anunci\u00f3 una serie de nombramientos en su estructura, tras la renuncia de funcionarios que buscar\u00e1n competir por cargos de representaci\u00f3n popular; entre ellos, Santiago Nieto, quien dejar\u00e1 la titularidad del Instituto Mexicano de la Propiedad Industrial (IMPI).<\/p>\n<p class=\"nota-justify\">En su lugar, Vidal Llerenas Morales ser\u00e1 propuesto como director general del IMPI, con lo que dejar\u00e1 la subsecretar\u00eda de Industria y Comercio en un contexto marcado por el proceso de revisi\u00f3n del Tratado entre M\u00e9xico, Estados Unidos y Canad\u00e1 (T-MEC).<\/p>\n<p class=\"nota-justify\">\u201cLlerenas\u00a0tendr\u00e1 como encomienda conducir los temas de propiedad industrial durante el proceso de revisi\u00f3n del T-MEC\u201d, dijo la SE en un comunicado.<\/p>\n<p class=\"nota-justify\">Como parte de los cambios, Ximena Escobedo Ju\u00e1rez asumir\u00e1 la subsecretar\u00eda de Industria y Comercio, cargo que ocupaba Llerenas. Hasta ahora se desempe\u00f1aba como jefa de la Unidad de Desarrollo Productivo.<\/p>\n<p class=\"nota-justify\">A su vez, Carlos Javier Castillo P\u00e9rez ser\u00e1 el nuevo jefe de la Unidad de Desarrollo Productivo, mientras que Luis Enrique V\u00e1zquez Rodr\u00edguez ocupar\u00e1 la direcci\u00f3n general de Industrias Pesadas y de Alta Tecnolog\u00eda.<\/p>\n<p class=\"nota-justify\">Tambi\u00e9n fue designada Mar\u00eda Idalia Salgado Hern\u00e1ndez como directora general de Facilitaci\u00f3n Comercial y Comercio Exterior, en sustituci\u00f3n de Wilfrido M\u00e1rquez.<\/p>\n<p class=\"nota-justify\">La dependencia indic\u00f3 que, adem\u00e1s de Nieto y M\u00e1rquez, otros funcionarios presentaron su renuncia con el objetivo de realizar actividades de \u00edndole pol\u00edtico, entre ellos H\u00e9ctor Ochoa Moreno, Salma Lu\u00e9vano Luna, Omega V\u00e1zquez Reyes, Humberto Hern\u00e1ndez y Julio Benavides Serrano.<\/p>\n<p class=\"nota-justify\">Los nombramientos entrar\u00e1n en vigor durante el mes de mayo, abund\u00f3 la dependencia en la comunicaci\u00f3n difundida este jueves.<\/p>\n<p class=\"nota-justify\">\u201cEl secretario Marcelo Ebrard agradeci\u00f3 la labor desempe\u00f1ada por los funcionarios que dejan la dependencia y dese\u00f3 \u00e9xito a quienes asumir\u00e1n nuevas responsabilidades\u201d, abund\u00f3 la SE.<\/p>\n<\/div>\n<\/div>\n<div class=\"notas-relacionadas\"><\/div>\n<div class=\"nota-tags\"><\/div>\n","protected":false},"excerpt":{"rendered":"<p>La Secretar\u00eda de Econom\u00eda (SE) anunci\u00f3 una serie de nombramientos en su estructura, tras la renuncia de funcionarios que buscar\u00e1n<\/p>\n","protected":false},"author":4,"featured_media":77716,"comment_status":"closed","ping_status":"closed","sticky":false,"template":"","format":"standard","meta":{"colormag_page_container_layout":"default_layout","colormag_page_sidebar_layout":"default_layout","_jetpack_memberships_contains_paid_content":false,"footnotes":"","jetpack_publicize_message":"","jetpack_publicize_feature_enabled":true,"jetpack_social_post_already_shared":true,"jetpack_social_options":{"image_generator_settings":{"template":"highway","default_image_id":0,"font":"","enabled":false},"version":2}},"categories":[1947],"tags":[],"class_list":["post-77715","post","type-post","status-publish","format-standard","has-post-thumbnail","hentry","category-economia"],"jetpack_publicize_connections":[],"jetpack_featured_media_url":"https:\/\/noticiasveracruz.com\/wp-content\/uploads\/2026\/04\/LOSMI.webp","jetpack_sharing_enabled":true,"publishpress_future_action":{"enabled":false,"date":"2026-05-08 02:17:03","action":"change-status","newStatus":"draft","terms":[],"taxonomy":"category","extraData":[]},"publishpress_future_workflow_manual_trigger":{"enabledWorkflows":[]},"_links":{"self":[{"href":"https:\/\/noticiasveracruz.com\/index.php\/wp-json\/wp\/v2\/posts\/77715","targetHints":{"allow":["GET"]}}],"collection":[{"href":"https:\/\/noticiasveracruz.com\/index.php\/wp-json\/wp\/v2\/posts"}],"about":[{"href":"https:\/\/noticiasveracruz.com\/index.php\/wp-json\/wp\/v2\/types\/post"}],"author":[{"embeddable":true,"href":"https:\/\/noticiasveracruz.com\/index.php\/wp-json\/wp\/v2\/users\/4"}],"replies":[{"embeddable":true,"href":"https:\/\/noticiasveracruz.com\/index.php\/wp-json\/wp\/v2\/comments?post=77715"}],"version-history":[{"count":1,"href":"https:\/\/noticiasveracruz.com\/index.php\/wp-json\/wp\/v2\/posts\/77715\/revisions"}],"predecessor-version":[{"id":77717,"href":"https:\/\/noticiasveracruz.com\/index.php\/wp-json\/wp\/v2\/posts\/77715\/revisions\/77717"}],"wp:featuredmedia":[{"embeddable":true,"href":"https:\/\/noticiasveracruz.com\/index.php\/wp-json\/wp\/v2\/media\/77716"}],"wp:attachment":[{"href":"https:\/\/noticiasveracruz.com\/index.php\/wp-json\/wp\/v2\/media?parent=77715"}],"wp:term":[{"taxonomy":"category","embeddable":true,"href":"https:\/\/noticiasveracruz.com\/index.php\/wp-json\/wp\/v2\/categories?post=77715"},{"taxonomy":"post_tag","embeddable":true,"href":"https:\/\/noticiasveracruz.com\/index.php\/wp-json\/wp\/v2\/tags?post=77715"}],"curies":[{"name":"wp","href":"https:\/\/api.w.org\/{rel}","templated":true}]}}