{"id":77706,"date":"2026-05-01T00:07:13","date_gmt":"2026-05-01T06:07:13","guid":{"rendered":"https:\/\/noticiasveracruz.com\/?p=77706"},"modified":"2026-04-30T23:09:53","modified_gmt":"2026-05-01T05:09:53","slug":"diputados-reciben-en-san-lazaro-la-cuenta-publica-2025-de-la-secretaria-de-hacienda","status":"publish","type":"post","link":"https:\/\/noticiasveracruz.com\/index.php\/2026\/05\/01\/diputados-reciben-en-san-lazaro-la-cuenta-publica-2025-de-la-secretaria-de-hacienda\/","title":{"rendered":"Diputados reciben en San L\u00e1zaro la Cuenta P\u00fablica 2025 de la Secretar\u00eda de Hacienda"},"content":{"rendered":"<p class=\"nota-justify\">La C\u00e1mara de Diputados recibi\u00f3 este jueves de la Secretar\u00eda de Hacienda y Cr\u00e9dito P\u00fablico (SHCP) la Cuenta P\u00fablica 2025, en la cual se explica de forma detallada todas las inversiones y gastos realizados por el gobierno del pa\u00eds el a\u00f1o pasado.<\/p>\n<p class=\"nota-justify\">En su cuenta de X, el presidente de la Junta de Coordinaci\u00f3n Pol\u00edtica de San L\u00e1zaro, el morenista Ricardo Monreal \u00c1vila, se\u00f1al\u00f3: \u201cHace unas horas, en la @Mx_Diputados recibimos de @Hacienda_Mexico la Cuenta P\u00fablica 2025, en cumplimiento del art\u00edculo 74 constitucional\u201d. En el mensaje, public\u00f3 tambi\u00e9n una liga hacia el referido documento.<\/p>\n<p class=\"nota-justify\">El coordinador de la bancada guinda a\u00f1adi\u00f3 que \u201ca trav\u00e9s de la Auditor\u00eda Superior de la Federaci\u00f3n (ASF) revisaremos y fiscalizaremos los resultados de la gesti\u00f3n financiera, lo cual nos permitir\u00e1 evaluar el correcto uso de los recursos p\u00fablicos y fortalecer la rendici\u00f3n de cuentas\u201d.<\/p>\n<p class=\"nota-justify\">De su lado, la presidenta de la Mesa Directiva de San L\u00e1zaro, Kenia L\u00f3pez Rabad\u00e1n (PAN), confirm\u00f3 que hoy \u201chemos recibido ya de la Presidencia de la Rep\u00fablica la Cuenta P\u00fablica 2025. Es, sin lugar a dudas, uno de los documentos m\u00e1s importantes que esta C\u00e1mara de Diputados recibe. Estoy instruyendo su publicaci\u00f3n para que la conozcan por supuesto los legisladores y los ciudadanos de este pa\u00eds\u201d.<\/p>\n<p class=\"nota-justify\">En entrevista colectiva, la diputada blanquiazul se\u00f1al\u00f3 que ese documento \u201ctransparenta, hace p\u00fablica toda la inversi\u00f3n o gasto que se ha hecho en el ejercicio fiscal 2025. Aqu\u00ed dice el gobierno c\u00f3mo fueron gastados los recursos del erario, los impuestos de los mexicanos y por supuesto hay que hacer un an\u00e1lisis espec\u00edfico, claro y puntual por parte de la C\u00e1mara de Diputados, de c\u00f3mo fueron gastados los recursos en este ejercicio fiscal 2025\u201d.<\/p>\n<p class=\"nota-justify\">La panista \u2013quien concluy\u00f3 con su encargo de presidenta de la Mesa Directiva en el reci\u00e9n terminado periodo de sesiones\u2014inform\u00f3 que la Cuenta P\u00fablica 2025 ser\u00e1 remitida a la Comisi\u00f3n Permanente, la cual la enviar\u00e1 a San L\u00e1zaro y este a su vez a la Comisi\u00f3n de Vigilancia de la ASF.<\/p>\n<p class=\"nota-justify\">\u201cUno de los temas m\u00e1s importantes de los diputados federales es precisamente el control, la fiscalizaci\u00f3n y la posibilidad de advertir si hay buen uso, o mal uso, de los recursos p\u00fablicos, de los impuestos de los mexicanos y, en consecuencia, que se transparente el ejercicio de las autoridades en estos recursos de los mexicanos\u201d.<\/p>\n","protected":false},"excerpt":{"rendered":"<p>La C\u00e1mara de Diputados recibi\u00f3 este jueves de la Secretar\u00eda de Hacienda y Cr\u00e9dito P\u00fablico (SHCP) la Cuenta P\u00fablica 2025,<\/p>\n","protected":false},"author":4,"featured_media":77707,"comment_status":"closed","ping_status":"closed","sticky":false,"template":"","format":"standard","meta":{"colormag_page_container_layout":"default_layout","colormag_page_sidebar_layout":"default_layout","_jetpack_memberships_contains_paid_content":false,"footnotes":"","jetpack_publicize_message":"","jetpack_publicize_feature_enabled":true,"jetpack_social_post_already_shared":true,"jetpack_social_options":{"image_generator_settings":{"template":"highway","default_image_id":0,"font":"","enabled":false},"version":2}},"categories":[4],"tags":[],"class_list":["post-77706","post","type-post","status-publish","format-standard","has-post-thumbnail","hentry","category-nacional"],"jetpack_publicize_connections":[],"jetpack_featured_media_url":"https:\/\/noticiasveracruz.com\/wp-content\/uploads\/2026\/04\/CUTRA.webp","jetpack_sharing_enabled":true,"publishpress_future_action":{"enabled":false,"date":"2026-05-08 02:07:07","action":"change-status","newStatus":"draft","terms":[],"taxonomy":"category","extraData":[]},"publishpress_future_workflow_manual_trigger":{"enabledWorkflows":[]},"_links":{"self":[{"href":"https:\/\/noticiasveracruz.com\/index.php\/wp-json\/wp\/v2\/posts\/77706","targetHints":{"allow":["GET"]}}],"collection":[{"href":"https:\/\/noticiasveracruz.com\/index.php\/wp-json\/wp\/v2\/posts"}],"about":[{"href":"https:\/\/noticiasveracruz.com\/index.php\/wp-json\/wp\/v2\/types\/post"}],"author":[{"embeddable":true,"href":"https:\/\/noticiasveracruz.com\/index.php\/wp-json\/wp\/v2\/users\/4"}],"replies":[{"embeddable":true,"href":"https:\/\/noticiasveracruz.com\/index.php\/wp-json\/wp\/v2\/comments?post=77706"}],"version-history":[{"count":1,"href":"https:\/\/noticiasveracruz.com\/index.php\/wp-json\/wp\/v2\/posts\/77706\/revisions"}],"predecessor-version":[{"id":77708,"href":"https:\/\/noticiasveracruz.com\/index.php\/wp-json\/wp\/v2\/posts\/77706\/revisions\/77708"}],"wp:featuredmedia":[{"embeddable":true,"href":"https:\/\/noticiasveracruz.com\/index.php\/wp-json\/wp\/v2\/media\/77707"}],"wp:attachment":[{"href":"https:\/\/noticiasveracruz.com\/index.php\/wp-json\/wp\/v2\/media?parent=77706"}],"wp:term":[{"taxonomy":"category","embeddable":true,"href":"https:\/\/noticiasveracruz.com\/index.php\/wp-json\/wp\/v2\/categories?post=77706"},{"taxonomy":"post_tag","embeddable":true,"href":"https:\/\/noticiasveracruz.com\/index.php\/wp-json\/wp\/v2\/tags?post=77706"}],"curies":[{"name":"wp","href":"https:\/\/api.w.org\/{rel}","templated":true}]}}