{"id":77694,"date":"2026-05-01T00:03:52","date_gmt":"2026-05-01T06:03:52","guid":{"rendered":"https:\/\/noticiasveracruz.com\/?p=77694"},"modified":"2026-04-30T22:59:24","modified_gmt":"2026-05-01T04:59:24","slug":"supervisa-rocio-nahle-cuartel-de-guardia-nacional-en-coyutla","status":"publish","type":"post","link":"https:\/\/noticiasveracruz.com\/index.php\/2026\/05\/01\/supervisa-rocio-nahle-cuartel-de-guardia-nacional-en-coyutla\/","title":{"rendered":"Supervisa Roc\u00edo Nahle cuartel de Guardia Nacional en Coyutla"},"content":{"rendered":"<p>Como parte de la estrategia de seguridad centrada en el bienestar y la atenci\u00f3n a las causas, la gobernadora Roc\u00edo Nahle Garc\u00eda, junto con mandos de la Guardia Nacional, supervisaron la construcci\u00f3n del cuartel en Coyutla, infraestructura clave para fortalecer la paz en el Totonacapan.<\/p>\n<p>&nbsp;<\/p>\n<p>Subray\u00f3 que la seguridad se construye con presencia territorial y corresponsabilidad social, por lo que llam\u00f3 a madres y padres a involucrarse en el cuidado de sus hijas e hijos.<\/p>\n<p>\u201cNosotros cuidamos el territorio; ustedes ayuden cuidando sus hogares, ah\u00ed empieza la paz\u201d, expres\u00f3.<\/p>\n<p>&nbsp;<\/p>\n<p>El cuartel forma parte del despliegue nacional para garantizar seguridad en zonas prioritarias; registra un avance f\u00edsico cercano al 46 por ciento, con una inversi\u00f3n superior a 71 millones de pesos en un terreno de 25 mil metros cuadrados. Inici\u00f3 el 20 de noviembre de 2025 y concluir\u00e1 en julio de este a\u00f1o.<\/p>\n<p>&nbsp;<\/p>\n<p>Contar\u00e1 con comandancia, aulas de formaci\u00f3n, \u00e1reas para personal femenino y masculino, as\u00ed como resguardo de armamento, lo que fortalecer\u00e1 la capacidad operativa y la proximidad social.<\/p>\n<p>&nbsp;<\/p>\n<p>La obra responde a una demanda ciudadana y permitir\u00e1 reforzar la prevenci\u00f3n del delito, la vigilancia y la reconstrucci\u00f3n del tejido social en beneficio de las familias veracruzanas.<\/p>\n<p>En la supervisi\u00f3n acompa\u00f1aron el secretario de Gobierno, Ricardo Ahued Bardahuil; la senadora Raquel Bonilla Herrera; la diputada local, Miriam Garc\u00eda Guzm\u00e1n; y los alcaldes de Coyutla y Papantla, Yamuri Emmanuel Palacio Aldana y Gonzalo Flores Castellanos, respectivamente.<\/p>\n","protected":false},"excerpt":{"rendered":"<p>Como parte de la estrategia de seguridad centrada en el bienestar y la atenci\u00f3n a las causas, la gobernadora Roc\u00edo<\/p>\n","protected":false},"author":4,"featured_media":77695,"comment_status":"closed","ping_status":"closed","sticky":false,"template":"","format":"standard","meta":{"colormag_page_container_layout":"default_layout","colormag_page_sidebar_layout":"default_layout","_jetpack_memberships_contains_paid_content":false,"footnotes":"","jetpack_publicize_message":"","jetpack_publicize_feature_enabled":true,"jetpack_social_post_already_shared":true,"jetpack_social_options":{"image_generator_settings":{"template":"highway","default_image_id":0,"font":"","enabled":false},"version":2}},"categories":[356],"tags":[],"class_list":["post-77694","post","type-post","status-publish","format-standard","has-post-thumbnail","hentry","category-veracruz"],"jetpack_publicize_connections":[],"jetpack_featured_media_url":"https:\/\/noticiasveracruz.com\/wp-content\/uploads\/2026\/04\/WhatsApp-Image-2026-04-29-at-18.34.18.jpg","jetpack_sharing_enabled":true,"publishpress_future_action":{"enabled":false,"date":"2026-05-08 02:11:53","action":"change-status","newStatus":"draft","terms":[],"taxonomy":"category","extraData":[]},"publishpress_future_workflow_manual_trigger":{"enabledWorkflows":[]},"_links":{"self":[{"href":"https:\/\/noticiasveracruz.com\/index.php\/wp-json\/wp\/v2\/posts\/77694","targetHints":{"allow":["GET"]}}],"collection":[{"href":"https:\/\/noticiasveracruz.com\/index.php\/wp-json\/wp\/v2\/posts"}],"about":[{"href":"https:\/\/noticiasveracruz.com\/index.php\/wp-json\/wp\/v2\/types\/post"}],"author":[{"embeddable":true,"href":"https:\/\/noticiasveracruz.com\/index.php\/wp-json\/wp\/v2\/users\/4"}],"replies":[{"embeddable":true,"href":"https:\/\/noticiasveracruz.com\/index.php\/wp-json\/wp\/v2\/comments?post=77694"}],"version-history":[{"count":1,"href":"https:\/\/noticiasveracruz.com\/index.php\/wp-json\/wp\/v2\/posts\/77694\/revisions"}],"predecessor-version":[{"id":77696,"href":"https:\/\/noticiasveracruz.com\/index.php\/wp-json\/wp\/v2\/posts\/77694\/revisions\/77696"}],"wp:featuredmedia":[{"embeddable":true,"href":"https:\/\/noticiasveracruz.com\/index.php\/wp-json\/wp\/v2\/media\/77695"}],"wp:attachment":[{"href":"https:\/\/noticiasveracruz.com\/index.php\/wp-json\/wp\/v2\/media?parent=77694"}],"wp:term":[{"taxonomy":"category","embeddable":true,"href":"https:\/\/noticiasveracruz.com\/index.php\/wp-json\/wp\/v2\/categories?post=77694"},{"taxonomy":"post_tag","embeddable":true,"href":"https:\/\/noticiasveracruz.com\/index.php\/wp-json\/wp\/v2\/tags?post=77694"}],"curies":[{"name":"wp","href":"https:\/\/api.w.org\/{rel}","templated":true}]}}