{"id":77676,"date":"2026-04-30T00:17:52","date_gmt":"2026-04-30T06:17:52","guid":{"rendered":"https:\/\/noticiasveracruz.com\/?p=77676"},"modified":"2026-04-29T22:51:44","modified_gmt":"2026-04-30T04:51:44","slug":"senado-de-brasil-rechaza-candidato-de-lula-a-la-corte-suprema-en-votacion-historica","status":"publish","type":"post","link":"https:\/\/noticiasveracruz.com\/index.php\/2026\/04\/30\/senado-de-brasil-rechaza-candidato-de-lula-a-la-corte-suprema-en-votacion-historica\/","title":{"rendered":"Senado de Brasil rechaza candidato de Lula a la Corte Suprema en votaci\u00f3n hist\u00f3rica"},"content":{"rendered":"<p class=\"nota-justify\">El Senado de Brasil rechaz\u00f3 este mi\u00e9rcoles a Jorge Messias, candidato del presidente Luiz In\u00e1cio Lula da Silva, para ocupar un asiento en la Corte Suprema, en una derrota hist\u00f3rica para el mandatario a meses de las elecciones presidenciales.<\/p>\n<p class=\"nota-justify\">La nominaci\u00f3n de Messias fue objeto de un pulso entre el gobierno izquierdista y la mayor\u00eda conservadora del Senado, que rechaz\u00f3 al candidato en una votaci\u00f3n secreta.<\/p>\n<p class=\"nota-justify\">La c\u00e1mara alta registr\u00f3 42 votos en contra de Messias y 34 a favor. Se trata del primer nominado al Supremo Tribunal Federal (STF) rechazado por el Senado en m\u00e1s de 100 a\u00f1os, seg\u00fan la prensa brasile\u00f1a.<\/p>\n<p class=\"nota-justify\">\u201cEl gobierno de Lula se acab\u00f3, el gobierno no tiene gobernabilidad, el gobierno ya no tiene el respeto de nadie\u201d, se\u00f1al\u00f3 el senador Fl\u00e1vio Bolsonaro, hijo mayor del ex presidente Jair Bolsonaro y precandidato de la derecha a las elecciones presidenciales de octubre.<\/p>\n<p class=\"nota-justify\">Lula, de 80 a\u00f1os, prev\u00e9 disputar las elecciones en busca de un cuarto mandato. Las encuestas ubican al presidente en un empate t\u00e9cnico con Fl\u00e1vio Bolsonaro.<\/p>\n<p class=\"nota-justify\">De su lado, Messias acept\u00f3 la derrota. \u201cHe peleado un buen combate, estoy seguro (\u2026) como todo cristiano necesito aceptar el plan de Dios en mi vida\u201d, dijo a periodistas el abogado de 46 a\u00f1os.<\/p>\n<p>&nbsp;<\/p>\n","protected":false},"excerpt":{"rendered":"<p>El Senado de Brasil rechaz\u00f3 este mi\u00e9rcoles a Jorge Messias, candidato del presidente Luiz In\u00e1cio Lula da Silva, para ocupar<\/p>\n","protected":false},"author":4,"featured_media":77677,"comment_status":"closed","ping_status":"closed","sticky":false,"template":"","format":"standard","meta":{"colormag_page_container_layout":"default_layout","colormag_page_sidebar_layout":"default_layout","_jetpack_memberships_contains_paid_content":false,"footnotes":"","jetpack_publicize_message":"","jetpack_publicize_feature_enabled":true,"jetpack_social_post_already_shared":true,"jetpack_social_options":{"image_generator_settings":{"template":"highway","default_image_id":0,"font":"","enabled":false},"version":2}},"categories":[355],"tags":[],"class_list":["post-77676","post","type-post","status-publish","format-standard","has-post-thumbnail","hentry","category-internacional"],"jetpack_publicize_connections":[],"jetpack_featured_media_url":"https:\/\/noticiasveracruz.com\/wp-content\/uploads\/2026\/04\/MAY.webp","jetpack_sharing_enabled":true,"publishpress_future_action":{"enabled":false,"date":"2026-05-07 01:52:22","action":"change-status","newStatus":"draft","terms":[],"taxonomy":"category","extraData":[]},"publishpress_future_workflow_manual_trigger":{"enabledWorkflows":[]},"_links":{"self":[{"href":"https:\/\/noticiasveracruz.com\/index.php\/wp-json\/wp\/v2\/posts\/77676","targetHints":{"allow":["GET"]}}],"collection":[{"href":"https:\/\/noticiasveracruz.com\/index.php\/wp-json\/wp\/v2\/posts"}],"about":[{"href":"https:\/\/noticiasveracruz.com\/index.php\/wp-json\/wp\/v2\/types\/post"}],"author":[{"embeddable":true,"href":"https:\/\/noticiasveracruz.com\/index.php\/wp-json\/wp\/v2\/users\/4"}],"replies":[{"embeddable":true,"href":"https:\/\/noticiasveracruz.com\/index.php\/wp-json\/wp\/v2\/comments?post=77676"}],"version-history":[{"count":1,"href":"https:\/\/noticiasveracruz.com\/index.php\/wp-json\/wp\/v2\/posts\/77676\/revisions"}],"predecessor-version":[{"id":77678,"href":"https:\/\/noticiasveracruz.com\/index.php\/wp-json\/wp\/v2\/posts\/77676\/revisions\/77678"}],"wp:featuredmedia":[{"embeddable":true,"href":"https:\/\/noticiasveracruz.com\/index.php\/wp-json\/wp\/v2\/media\/77677"}],"wp:attachment":[{"href":"https:\/\/noticiasveracruz.com\/index.php\/wp-json\/wp\/v2\/media?parent=77676"}],"wp:term":[{"taxonomy":"category","embeddable":true,"href":"https:\/\/noticiasveracruz.com\/index.php\/wp-json\/wp\/v2\/categories?post=77676"},{"taxonomy":"post_tag","embeddable":true,"href":"https:\/\/noticiasveracruz.com\/index.php\/wp-json\/wp\/v2\/tags?post=77676"}],"curies":[{"name":"wp","href":"https:\/\/api.w.org\/{rel}","templated":true}]}}