{"id":77655,"date":"2026-04-30T00:10:46","date_gmt":"2026-04-30T06:10:46","guid":{"rendered":"https:\/\/noticiasveracruz.com\/?p=77655"},"modified":"2026-04-29T22:35:30","modified_gmt":"2026-04-30T04:35:30","slug":"deficit-comercial-de-eu-se-amplia-en-marzo-debido-al-fuerte-aumento-de-las-importaciones","status":"publish","type":"post","link":"https:\/\/noticiasveracruz.com\/index.php\/2026\/04\/30\/deficit-comercial-de-eu-se-amplia-en-marzo-debido-al-fuerte-aumento-de-las-importaciones\/","title":{"rendered":"D\u00e9ficit comercial de EU se ampl\u00eda en marzo debido al fuerte aumento de las importaciones"},"content":{"rendered":"<p class=\"nota-justify\" data-start=\"20\" data-end=\"312\">El d\u00e9ficit comercial de Estados Unidos en el sector de bienes se ampli\u00f3 m\u00e1s de lo previsto en marzo, ya que el aumento de las importaciones super\u00f3 al de las exportaciones, lo que sugiere que el comercio habr\u00eda lastrado el crecimiento econ\u00f3mico en el primer trimestre.<\/p>\n<p class=\"nota-justify\" data-start=\"314\" data-end=\"477\">El d\u00e9ficit comercial de bienes aument\u00f3 5.3 por ciento, a 87 mil 900 millones de d\u00f3lares, el mes pasado, inform\u00f3 la Oficina del Censo de Estados Unidos.<\/p>\n<p class=\"nota-justify\" data-start=\"479\" data-end=\"669\">Economistas encuestados por Reuters hab\u00edan pronosticado un d\u00e9ficit de 86 mil 950 millones de d\u00f3lares, tras ubicarse en 83 mil 500 millones en febrero.<\/p>\n<p class=\"nota-justify\" data-start=\"671\" data-end=\"1057\">La Oficina del Censo reanud\u00f3 la publicaci\u00f3n del informe de indicadores adelantados, que incluye el d\u00e9ficit comercial de bienes y los inventarios mayoristas y minoristas, luego de haberla suspendido por el cierre del gobierno del a\u00f1o pasado. Estos datos son clave para la estimaci\u00f3n preliminar del Producto Interno Bruto del primer trimestre, que se publicar\u00e1 el jueves.<\/p>\n<p class=\"nota-justify\" data-start=\"1059\" data-end=\"1336\">Las importaciones de bienes aumentaron en 9 mil 600 millones de d\u00f3lares, a 299 mil 300 millones, impulsadas por un alza de 11 por ciento en veh\u00edculos de motor. Tambi\u00e9n se registraron incrementos en alimentos, bienes de consumo, capital y suministros industriales.<\/p>\n","protected":false},"excerpt":{"rendered":"<p>El d\u00e9ficit comercial de Estados Unidos en el sector de bienes se ampli\u00f3 m\u00e1s de lo previsto en marzo, ya<\/p>\n","protected":false},"author":4,"featured_media":77656,"comment_status":"closed","ping_status":"closed","sticky":false,"template":"","format":"standard","meta":{"colormag_page_container_layout":"default_layout","colormag_page_sidebar_layout":"default_layout","_jetpack_memberships_contains_paid_content":false,"footnotes":"","jetpack_publicize_message":"","jetpack_publicize_feature_enabled":true,"jetpack_social_post_already_shared":true,"jetpack_social_options":{"image_generator_settings":{"template":"highway","default_image_id":0,"font":"","enabled":false},"version":2}},"categories":[1947],"tags":[],"class_list":["post-77655","post","type-post","status-publish","format-standard","has-post-thumbnail","hentry","category-economia"],"jetpack_publicize_connections":[],"jetpack_featured_media_url":"https:\/\/noticiasveracruz.com\/wp-content\/uploads\/2026\/04\/CONT.webp","jetpack_sharing_enabled":true,"publishpress_future_action":{"enabled":false,"date":"2026-05-07 03:26:21","action":"change-status","newStatus":"draft","terms":[],"taxonomy":"category","extraData":[]},"publishpress_future_workflow_manual_trigger":{"enabledWorkflows":[]},"_links":{"self":[{"href":"https:\/\/noticiasveracruz.com\/index.php\/wp-json\/wp\/v2\/posts\/77655","targetHints":{"allow":["GET"]}}],"collection":[{"href":"https:\/\/noticiasveracruz.com\/index.php\/wp-json\/wp\/v2\/posts"}],"about":[{"href":"https:\/\/noticiasveracruz.com\/index.php\/wp-json\/wp\/v2\/types\/post"}],"author":[{"embeddable":true,"href":"https:\/\/noticiasveracruz.com\/index.php\/wp-json\/wp\/v2\/users\/4"}],"replies":[{"embeddable":true,"href":"https:\/\/noticiasveracruz.com\/index.php\/wp-json\/wp\/v2\/comments?post=77655"}],"version-history":[{"count":1,"href":"https:\/\/noticiasveracruz.com\/index.php\/wp-json\/wp\/v2\/posts\/77655\/revisions"}],"predecessor-version":[{"id":77657,"href":"https:\/\/noticiasveracruz.com\/index.php\/wp-json\/wp\/v2\/posts\/77655\/revisions\/77657"}],"wp:featuredmedia":[{"embeddable":true,"href":"https:\/\/noticiasveracruz.com\/index.php\/wp-json\/wp\/v2\/media\/77656"}],"wp:attachment":[{"href":"https:\/\/noticiasveracruz.com\/index.php\/wp-json\/wp\/v2\/media?parent=77655"}],"wp:term":[{"taxonomy":"category","embeddable":true,"href":"https:\/\/noticiasveracruz.com\/index.php\/wp-json\/wp\/v2\/categories?post=77655"},{"taxonomy":"post_tag","embeddable":true,"href":"https:\/\/noticiasveracruz.com\/index.php\/wp-json\/wp\/v2\/tags?post=77655"}],"curies":[{"name":"wp","href":"https:\/\/api.w.org\/{rel}","templated":true}]}}