{"id":7765,"date":"2022-09-06T07:10:13","date_gmt":"2022-09-06T12:10:13","guid":{"rendered":"https:\/\/noticiasveracruz.com\/?p=7765"},"modified":"2022-09-06T07:10:13","modified_gmt":"2022-09-06T12:10:13","slug":"en-tuxpan-inicia-la-construccion-de-aula-en-la-escuela-primaria-benito-juarez","status":"publish","type":"post","link":"https:\/\/noticiasveracruz.com\/index.php\/2022\/09\/06\/en-tuxpan-inicia-la-construccion-de-aula-en-la-escuela-primaria-benito-juarez\/","title":{"rendered":"En Tuxpan, inicia la construcci\u00f3n de aula en la Escuela Primaria \u201cBenito Ju\u00e1rez\u201d"},"content":{"rendered":"<p class=\"p1\"><span style=\"font-size: 14pt;\"><em><strong>TUXPAN, VERACRUZ.<\/strong><\/em> Con el objetivo de generar espacios dignos para el aprendizaje de nuestras ni\u00f1as, ni\u00f1os y adolescentes, el Gobierno de Tuxpan puso en marcha la construcci\u00f3n de un aula en la <strong>Escuela Primaria Benito Ju\u00e1rez Garc\u00eda<\/strong>, de la localidad Buenos Aires.<\/span><\/p>\n<p class=\"p1\"><span style=\"font-size: 18pt;\"><strong>Alumnos, padres de familia y docentes de este plantel educativo mostraron gran entusiasmo por esta obra que beneficiar\u00e1 a la comunidad estudiantil.<\/strong><\/span><\/p>\n<p><img loading=\"lazy\" decoding=\"async\" class=\"aligncenter wp-image-9805 size-large\" src=\"https:\/\/politicosaldesnudo.com.mx\/wp-content\/uploads\/2022\/09\/P-TUXPAN-ESCUELA5-1024x573.png\" alt=\"\" width=\"800\" height=\"448\" \/><\/p>\n<p>&nbsp;<\/p>\n<p class=\"p1\"><span style=\"font-size: 18pt;\"><strong>La construcci\u00f3n se realizar\u00e1 con una<span style=\"color: #139eca;\"> inversi\u00f3n de 570 mil pesos<\/span>, provenientes del Fondo de Aportaciones para la Infraestructura Social Municipal y de las Demarcaciones Territoriales del Distrito Federal (FISMDF). <\/strong><\/span><\/p>\n<p class=\"p1\"><span style=\"font-size: 14pt;\">El banderazo de inicio de esta obra estuvo encabezado por el presidente municipal Jos\u00e9 Manuel Pozos Castro; y las regidoras y regidores Amado Guti\u00e9rrez Lima, Maryanela Monroy Flores, Anah\u00ed Aguilar L\u00f3pez, Lucero Res\u00e9ndis Ambrocio, Luis Demetrio L\u00f3pez Mar\u00edn y Axel Bernal Herrera.<\/span><\/p>\n<p class=\"p1\"><span style=\"font-size: 14pt;\">La Sra. Citlaly Hern\u00e1ndez Garc\u00eda, presidenta del Comit\u00e9 de Contralor\u00eda Social, dio la bienvenida a las autoridades municipales y agradeci\u00f3 la construcci\u00f3n de esta aula que es tan necesaria y que aprovechar\u00e1n las pr\u00f3ximas generaciones de alumnos. <\/span><\/p>\n<p>&nbsp;<\/p>\n<p><img loading=\"lazy\" decoding=\"async\" class=\"aligncenter wp-image-9804 size-large\" src=\"https:\/\/politicosaldesnudo.com.mx\/wp-content\/uploads\/2022\/09\/P-TUXPAN-ESCUELA4-1024x573.png\" alt=\"\" width=\"800\" height=\"448\" \/><\/p>\n<p>&nbsp;<\/p>\n<p class=\"p1\"><span style=\"font-size: 18pt;\"><strong>Luego de saludar a los estudiantes, el alcalde Jos\u00e9 Manuel Pozos Castro indic\u00f3 que la educaci\u00f3n es la base del \u00e9xito de las nuevas generaciones, y que las ni\u00f1as y ni\u00f1os son el presente y el futuro, por ello se les debe brindar espacios educativos de calidad para que su aprendizaje y desarrollo sean los mejores.<\/strong><\/span><\/p>\n<p class=\"p1\"><span style=\"font-size: 14pt;\">Destac\u00f3 que la educaci\u00f3n es prioridad para el Gobierno de la Transformaci\u00f3n, por lo que no escatimar\u00e1 ning\u00fan esfuerzo en ese sector. <\/span><\/p>\n<p class=\"p1\"><span style=\"font-size: 18pt;\"><strong>Pozos Castro reafirm\u00f3 su compromiso de seguir invirtiendo en las comunidades rurales y colonias populares, que es donde m\u00e1s abandono y rezago social existe. <\/strong><\/span><\/p>\n<p>&nbsp;<\/p>\n<p><img loading=\"lazy\" decoding=\"async\" class=\"aligncenter wp-image-9806 size-large\" src=\"https:\/\/politicosaldesnudo.com.mx\/wp-content\/uploads\/2022\/09\/P-TUXPAN-ESCUELA6-1024x573.png\" alt=\"\" width=\"800\" height=\"448\" \/><\/p>\n<p>&nbsp;<\/p>\n<p class=\"p1\"><span style=\"font-size: 14pt;\">En ese sentido, asegur\u00f3 que cuando se trabaja de manera coordinada con la sociedad, padres de familia y maestros, se pueden lograr muchas cosas en beneficio de la comunidad.<\/span><\/p>\n<p class=\"p1\"><span style=\"font-size: 14pt;\">Tambi\u00e9n estuvieron presentes la Agente Municipal de Buenos Aires, Blanca Estela Aquino Urioste; el Prof. Criserio Fuentes Vergara, director de la Escuela Primaria Benito Ju\u00e1rez Garc\u00eda; Fernando Aguilar Jerez, comisariado Ejidal, el maestro Jaime L\u00f3pez Mar, y Jes\u00fas Carballo Serrano, director de Desarrollo Social; as\u00ed como directores y coordinadores de las diferentes \u00e1reas del Gobierno Municipal.<\/span><\/p>\n<p>&nbsp;<\/p>\n<p><img loading=\"lazy\" decoding=\"async\" class=\"aligncenter wp-image-9802 size-large\" src=\"https:\/\/politicosaldesnudo.com.mx\/wp-content\/uploads\/2022\/09\/P-TUXPAN-ESCUELA2-1024x573.png\" alt=\"\" width=\"800\" height=\"448\" \/><\/p>\n<p>&nbsp;<\/p>\n<p>&nbsp;<\/p>\n<p>&nbsp;<\/p>\n<p>&nbsp;<\/p>\n","protected":false},"excerpt":{"rendered":"<p>TUXPAN, VERACRUZ. Con el objetivo de generar espacios dignos para el aprendizaje de nuestras ni\u00f1as, ni\u00f1os y adolescentes, el Gobierno<\/p>\n","protected":false},"author":4,"featured_media":7768,"comment_status":"closed","ping_status":"closed","sticky":false,"template":"","format":"standard","meta":{"colormag_page_container_layout":"default_layout","colormag_page_sidebar_layout":"default_layout","_jetpack_memberships_contains_paid_content":false,"footnotes":"","jetpack_publicize_message":"","jetpack_publicize_feature_enabled":true,"jetpack_social_post_already_shared":false,"jetpack_social_options":{"image_generator_settings":{"template":"highway","default_image_id":0,"font":"","enabled":false},"version":2}},"categories":[356],"tags":[1338,701,72,73],"class_list":["post-7765","post","type-post","status-publish","format-standard","has-post-thumbnail","hentry","category-veracruz","tag-escuela-primaria","tag-jose-manuel-pozos","tag-tuxpan","tag-veracruz"],"jetpack_publicize_connections":[],"jetpack_featured_media_url":"https:\/\/noticiasveracruz.com\/wp-content\/uploads\/2022\/09\/P-TUXPAN-ESCUELA3.png","jetpack_sharing_enabled":true,"publishpress_future_action":{"enabled":false,"date":"2026-05-05 18:20:41","action":"change-status","newStatus":"draft","terms":[],"taxonomy":"category","extraData":[]},"publishpress_future_workflow_manual_trigger":{"enabledWorkflows":[]},"_links":{"self":[{"href":"https:\/\/noticiasveracruz.com\/index.php\/wp-json\/wp\/v2\/posts\/7765","targetHints":{"allow":["GET"]}}],"collection":[{"href":"https:\/\/noticiasveracruz.com\/index.php\/wp-json\/wp\/v2\/posts"}],"about":[{"href":"https:\/\/noticiasveracruz.com\/index.php\/wp-json\/wp\/v2\/types\/post"}],"author":[{"embeddable":true,"href":"https:\/\/noticiasveracruz.com\/index.php\/wp-json\/wp\/v2\/users\/4"}],"replies":[{"embeddable":true,"href":"https:\/\/noticiasveracruz.com\/index.php\/wp-json\/wp\/v2\/comments?post=7765"}],"version-history":[{"count":0,"href":"https:\/\/noticiasveracruz.com\/index.php\/wp-json\/wp\/v2\/posts\/7765\/revisions"}],"wp:featuredmedia":[{"embeddable":true,"href":"https:\/\/noticiasveracruz.com\/index.php\/wp-json\/wp\/v2\/media\/7768"}],"wp:attachment":[{"href":"https:\/\/noticiasveracruz.com\/index.php\/wp-json\/wp\/v2\/media?parent=7765"}],"wp:term":[{"taxonomy":"category","embeddable":true,"href":"https:\/\/noticiasveracruz.com\/index.php\/wp-json\/wp\/v2\/categories?post=7765"},{"taxonomy":"post_tag","embeddable":true,"href":"https:\/\/noticiasveracruz.com\/index.php\/wp-json\/wp\/v2\/tags?post=7765"}],"curies":[{"name":"wp","href":"https:\/\/api.w.org\/{rel}","templated":true}]}}