{"id":77646,"date":"2026-04-30T00:07:55","date_gmt":"2026-04-30T06:07:55","guid":{"rendered":"https:\/\/noticiasveracruz.com\/?p=77646"},"modified":"2026-04-29T22:29:46","modified_gmt":"2026-04-30T04:29:46","slug":"diputados-del-pri-y-el-pan-demandan-investigar-acusaciones-contra-rocha-moya","status":"publish","type":"post","link":"https:\/\/noticiasveracruz.com\/index.php\/2026\/04\/30\/diputados-del-pri-y-el-pan-demandan-investigar-acusaciones-contra-rocha-moya\/","title":{"rendered":"Diputados del PRI y el PAN demandan investigar acusaciones contra Rocha Moya"},"content":{"rendered":"<p class=\"nota-justify\">La oposici\u00f3n en la C\u00e1mara de Diputados consider\u00f3 que el gobierno de la presidenta Claudia Sheinbaum necesita investigar los se\u00f1alamientos de la justicia estadunidense en contra del gobernador de Sinaloa, Rub\u00e9n Rocha Moya, se\u00f1alado por cargos de narcotr\u00e1fico, junto con el senador Enrique Inzunza, funcionarios y ex funcionarios de la entidad.<\/p>\n<p class=\"nota-justify\">El coordinador de la bancada del PRI en San L\u00e1zaro, Rub\u00e9n Moreira, subray\u00f3 que \u00ablo primero que tiene que hacer el gobierno mexicano es resolver el tema de esas acusaciones. Tiene que pronunciarse el Estado mexicano, el gobierno de M\u00e9xico, sobre estas graves acusaciones\u00bb.<\/p>\n<p class=\"nota-justify\">En entrevista colectiva, el legislador enfatiz\u00f3 que \u00abse confirma lo que dijo hace tiempo el PRI sobre la situaci\u00f3n que se vive en Sinaloa. Al crimen organizado se le tiene que combatir en todo momento, porque si no, las consecuencias son estas. El gobierno mexicano debe salir a aclarar lo que est\u00e1 pasando y el gobernador (Rocha) deber\u00eda pedir licencia\u201d.<\/p>\n<p class=\"nota-justify\">El diputado pri\u00edsta Mario Zamora, originario de Sinaloa, resalt\u00f3 que \u00abal final del d\u00eda la justicia tiene que llegar para todos. Tampoco vamos a descalificar per se a nadie, pero sin duda el gobierno mexicano tiene una responsabilidad m\u00e1s all\u00e1 de lo que hay en otros pa\u00edses de investigar y de sancionar si alguien es culpable\u00bb.<\/p>\n<p class=\"nota-justify\">Por su parte, el grupo parlamentario del PAN en San L\u00e1zaro manifest\u00f3: \u00abEs evidente que en M\u00e9xico (los narcotraficantes) tienen impunidad total, es evidente que a la Presidenta le incomoda que se ejerza acci\u00f3n legal en contra de los \u2018narcos del bienestar\u2019 y es evidente que la \u00fanica esperanza real de justicia para llevar a la c\u00e1rcel a los que se meten a la cama con un narco para ganar elecciones, es la justicia estadounidense\u00bb.<\/p>\n<p class=\"nota-justify\">Para el blanquiazul, este caso es \u201cuna prueba de fuego\u201d para el gobierno federal cuando decida si extraditar\u00e1 o no a Rocha Moya y \u201ca todos los que soliciten las cortes de Estados Unidos o si se va a regatear la colaboraci\u00f3n\u201d.<\/p>\n<p>La bancada panista coincidi\u00f3 con la del PRI, en el sentido de que el gobernador sinaloense tiene que separarse del cargo, al igual que sus funcionarios vinculados, para \u201cser extraditados inmediatamente y puestos a la consideraci\u00f3n de la justicia estadunidense\u201d.<\/p>\n","protected":false},"excerpt":{"rendered":"<p>La oposici\u00f3n en la C\u00e1mara de Diputados consider\u00f3 que el gobierno de la presidenta Claudia Sheinbaum necesita investigar los se\u00f1alamientos<\/p>\n","protected":false},"author":4,"featured_media":77647,"comment_status":"closed","ping_status":"closed","sticky":false,"template":"","format":"standard","meta":{"colormag_page_container_layout":"default_layout","colormag_page_sidebar_layout":"default_layout","_jetpack_memberships_contains_paid_content":false,"footnotes":"","jetpack_publicize_message":"","jetpack_publicize_feature_enabled":true,"jetpack_social_post_already_shared":true,"jetpack_social_options":{"image_generator_settings":{"template":"highway","default_image_id":0,"font":"","enabled":false},"version":2}},"categories":[4],"tags":[],"class_list":["post-77646","post","type-post","status-publish","format-standard","has-post-thumbnail","hentry","category-nacional"],"jetpack_publicize_connections":[],"jetpack_featured_media_url":"https:\/\/noticiasveracruz.com\/wp-content\/uploads\/2026\/04\/PRPA.webp","jetpack_sharing_enabled":true,"publishpress_future_action":{"enabled":false,"date":"2026-05-07 01:40:56","action":"change-status","newStatus":"draft","terms":[],"taxonomy":"category","extraData":[]},"publishpress_future_workflow_manual_trigger":{"enabledWorkflows":[]},"_links":{"self":[{"href":"https:\/\/noticiasveracruz.com\/index.php\/wp-json\/wp\/v2\/posts\/77646","targetHints":{"allow":["GET"]}}],"collection":[{"href":"https:\/\/noticiasveracruz.com\/index.php\/wp-json\/wp\/v2\/posts"}],"about":[{"href":"https:\/\/noticiasveracruz.com\/index.php\/wp-json\/wp\/v2\/types\/post"}],"author":[{"embeddable":true,"href":"https:\/\/noticiasveracruz.com\/index.php\/wp-json\/wp\/v2\/users\/4"}],"replies":[{"embeddable":true,"href":"https:\/\/noticiasveracruz.com\/index.php\/wp-json\/wp\/v2\/comments?post=77646"}],"version-history":[{"count":1,"href":"https:\/\/noticiasveracruz.com\/index.php\/wp-json\/wp\/v2\/posts\/77646\/revisions"}],"predecessor-version":[{"id":77648,"href":"https:\/\/noticiasveracruz.com\/index.php\/wp-json\/wp\/v2\/posts\/77646\/revisions\/77648"}],"wp:featuredmedia":[{"embeddable":true,"href":"https:\/\/noticiasveracruz.com\/index.php\/wp-json\/wp\/v2\/media\/77647"}],"wp:attachment":[{"href":"https:\/\/noticiasveracruz.com\/index.php\/wp-json\/wp\/v2\/media?parent=77646"}],"wp:term":[{"taxonomy":"category","embeddable":true,"href":"https:\/\/noticiasveracruz.com\/index.php\/wp-json\/wp\/v2\/categories?post=77646"},{"taxonomy":"post_tag","embeddable":true,"href":"https:\/\/noticiasveracruz.com\/index.php\/wp-json\/wp\/v2\/tags?post=77646"}],"curies":[{"name":"wp","href":"https:\/\/api.w.org\/{rel}","templated":true}]}}