{"id":77643,"date":"2026-04-30T00:06:06","date_gmt":"2026-04-30T06:06:06","guid":{"rendered":"https:\/\/noticiasveracruz.com\/?p=77643"},"modified":"2026-04-29T22:28:00","modified_gmt":"2026-04-30T04:28:00","slug":"consejeros-del-ine-impugnan-designacion-de-taddei-en-unidad-de-fiscalizacion","status":"publish","type":"post","link":"https:\/\/noticiasveracruz.com\/index.php\/2026\/04\/30\/consejeros-del-ine-impugnan-designacion-de-taddei-en-unidad-de-fiscalizacion\/","title":{"rendered":"Consejeros del INE impugnan designaci\u00f3n de Taddei en Unidad de Fiscalizaci\u00f3n"},"content":{"rendered":"<p class=\"nota-justify\">Los consejeros del Instituto Nacional Electoral (INE) Mart\u00edn Faz, Carla Humphrey y Arturo Castillo impugnaron ante el Tribunal Electoral del Poder Judicial de la Federaci\u00f3n (TEPJF) la designaci\u00f3n de Mario Alberto Alejo Garc\u00eda, como titular de la Unidad T\u00e9cnica de Fiscalizaci\u00f3n (UTF), hecha directamente por la presidenta del \u00f3rgano, Guadalupe Taddei.<\/p>\n<p class=\"nota-justify\">El argumento central es que la persona incumple con los requisitos de ley, particularmente tener como m\u00ednimo cinco a\u00f1os de experiencia \u201ccomo directivo\u201d en el \u00e1rea de fiscalizaci\u00f3n. Adem\u00e1s, se afirma que fue inflada la ficha curricular, a fin de darle el cargo.<\/p>\n<p class=\"nota-justify\">Alejo Garc\u00eda fue hasta la semana pasada asesor del consejero Jorge Monta\u00f1o; ambos son originarios de Tabasco, entidad en la que desarrollaron su labor profesional, previo a su llegada al INE.<\/p>\n<p class=\"nota-justify\">\u201cSe solicita la revocaci\u00f3n del oficio INE\/PC\/194\/2026 del 22 de abril de 2026, mediante el cual la consejera presidenta del INE design\u00f3 al Lic. Mario Alberto Alejo Garc\u00eda como titular de la Unidad T\u00e9cnica de Fiscalizaci\u00f3n del INE, en incumplimiento a los requisitos previstos en el art\u00edculo 197 de la Ley General de Instituciones y Procedimientos Electorales\u201d, se lee en la solicitud.<\/p>\n<p class=\"nota-justify\">Este juicio general promovido ante el TEPJF se suma a otras inconformidades por la designaci\u00f3n de funcionarios del INE, como la falta de cumplimiento en los requisitos de paridad, pues de nueve personas designadas, ocho son hombres.<\/p>\n<p class=\"nota-justify\">A partir de una reforma legal, hecha por el bloque mayoritario a la par de la reforma judicial, se concedi\u00f3 a Taddei la facultad de hacer designaciones directas de los integrantes de la Junta General Ejecutiva, sin contar con el aval de sus pares, lo cual fue calificado por los consejeros que ahora impugnan como una afectaci\u00f3n grave a la colegialidad del INE.<\/p>\n<p class=\"nota-justify\">En el caso espec\u00edfico del titular de la UTF, los consejeros inconformes se\u00f1alan que tanto esta persona como otros funcionarios deben tener conocimientos y experiencia que les permitan el desempe\u00f1o de sus funciones, y adem\u00e1s, demostrar una trayectoria comprobable en materia de fiscalizaci\u00f3n a nivel directivo y con un m\u00ednimo de cinco a\u00f1os, debido a la especialidad e importancia de la materia.<\/p>\n<p class=\"nota-justify\">En el documento se anex\u00f3 el curriculum de Alejo Garc\u00eda, cuya experiencia, desde que era pasante de derecho en el a\u00f1o 2002, ha sido sustancialmente en el \u00e1mbito municipal y estatal; por ejemplo, en sus ocupaciones m\u00e1s recientes, aparece que durante el periodo 2016-2018 fue apoderado legal del municipio Macuspana, Tabasco, y asesor de la legislatura de esta misma entidad.<\/p>\n<p class=\"nota-justify\">De 2018 a 2021 fue asesor parlamentario en el congreso local, y de noviembre de 2021 a abril de 2023, secretario t\u00e9cnico en comisiones de la sexag\u00e9sima legislatura de ese Congreso, a la par de auxiliar jur\u00eddico en Tacotalpa. De 2023 a la fecha se desempe\u00f1\u00f3 como asesor del consejero Monta\u00f1o.<\/p>\n<p class=\"nota-justify\">Los consejeros inconformes aducen que aun cuando el abogado hubiera participado en las comisiones inspectoras de hacienda, el puesto de asesor parlamentario \u201cno es de car\u00e1cter directivo\u201d por lo que estas funciones no pueden considerarse para dar por cumplido el requisito.<\/p>\n","protected":false},"excerpt":{"rendered":"<p>Los consejeros del Instituto Nacional Electoral (INE) Mart\u00edn Faz, Carla Humphrey y Arturo Castillo impugnaron ante el Tribunal Electoral del<\/p>\n","protected":false},"author":4,"featured_media":77644,"comment_status":"closed","ping_status":"closed","sticky":false,"template":"","format":"standard","meta":{"colormag_page_container_layout":"default_layout","colormag_page_sidebar_layout":"default_layout","_jetpack_memberships_contains_paid_content":false,"footnotes":"","jetpack_publicize_message":"","jetpack_publicize_feature_enabled":true,"jetpack_social_post_already_shared":true,"jetpack_social_options":{"image_generator_settings":{"template":"highway","default_image_id":0,"font":"","enabled":false},"version":2}},"categories":[4],"tags":[],"class_list":["post-77643","post","type-post","status-publish","format-standard","has-post-thumbnail","hentry","category-nacional"],"jetpack_publicize_connections":[],"jetpack_featured_media_url":"https:\/\/noticiasveracruz.com\/wp-content\/uploads\/2026\/04\/TRAH.webp","jetpack_sharing_enabled":true,"publishpress_future_action":{"enabled":false,"date":"2026-05-07 01:40:58","action":"change-status","newStatus":"draft","terms":[],"taxonomy":"category","extraData":[]},"publishpress_future_workflow_manual_trigger":{"enabledWorkflows":[]},"_links":{"self":[{"href":"https:\/\/noticiasveracruz.com\/index.php\/wp-json\/wp\/v2\/posts\/77643","targetHints":{"allow":["GET"]}}],"collection":[{"href":"https:\/\/noticiasveracruz.com\/index.php\/wp-json\/wp\/v2\/posts"}],"about":[{"href":"https:\/\/noticiasveracruz.com\/index.php\/wp-json\/wp\/v2\/types\/post"}],"author":[{"embeddable":true,"href":"https:\/\/noticiasveracruz.com\/index.php\/wp-json\/wp\/v2\/users\/4"}],"replies":[{"embeddable":true,"href":"https:\/\/noticiasveracruz.com\/index.php\/wp-json\/wp\/v2\/comments?post=77643"}],"version-history":[{"count":1,"href":"https:\/\/noticiasveracruz.com\/index.php\/wp-json\/wp\/v2\/posts\/77643\/revisions"}],"predecessor-version":[{"id":77645,"href":"https:\/\/noticiasveracruz.com\/index.php\/wp-json\/wp\/v2\/posts\/77643\/revisions\/77645"}],"wp:featuredmedia":[{"embeddable":true,"href":"https:\/\/noticiasveracruz.com\/index.php\/wp-json\/wp\/v2\/media\/77644"}],"wp:attachment":[{"href":"https:\/\/noticiasveracruz.com\/index.php\/wp-json\/wp\/v2\/media?parent=77643"}],"wp:term":[{"taxonomy":"category","embeddable":true,"href":"https:\/\/noticiasveracruz.com\/index.php\/wp-json\/wp\/v2\/categories?post=77643"},{"taxonomy":"post_tag","embeddable":true,"href":"https:\/\/noticiasveracruz.com\/index.php\/wp-json\/wp\/v2\/tags?post=77643"}],"curies":[{"name":"wp","href":"https:\/\/api.w.org\/{rel}","templated":true}]}}