{"id":77637,"date":"2026-04-30T00:04:10","date_gmt":"2026-04-30T06:04:10","guid":{"rendered":"https:\/\/noticiasveracruz.com\/?p=77637"},"modified":"2026-04-29T22:20:37","modified_gmt":"2026-04-30T04:20:37","slug":"rocio-nahle-inaugura-carretera-papantla-espinal","status":"publish","type":"post","link":"https:\/\/noticiasveracruz.com\/index.php\/2026\/04\/30\/rocio-nahle-inaugura-carretera-papantla-espinal\/","title":{"rendered":"Roc\u00edo Nahle inaugura carretera Papantla\u2013Espinal"},"content":{"rendered":"<div class=\"td_block_wrap tdb_single_content tdi_65 td-pb-border-top td_block_template_1 td-post-content tagdiv-type\" data-td-block-uid=\"tdi_65\">\n<div class=\"tdb-block-inner td-fix-index\">\n<p>La gobernadora Roc\u00edo Nahle Garc\u00eda inaugur\u00f3 la carretera Papantla\u2013Espinal, una obra de aproximadamente 26 kil\u00f3metros que fortalece la conectividad en la regi\u00f3n del Totonacapan.<\/p>\n<p>Acompa\u00f1ada por el titular de la Secretar\u00eda de Infraestructura y Obras P\u00fablicas, Leonardo Cornejo Serrano, y autoridades municipales, destac\u00f3 que esta v\u00eda forma parte del circuito Papantla\u2013Espinal\u2013Coxquihui, con ramal hacia Coyutla.<\/p>\n<p>La infraestructura beneficia a municipios como Papantla, Espinal, Coxquihui, Filomeno Mata, Zozocolco, Chumatl\u00e1n y Coahuitl\u00e1n, al mejorar la movilidad y facilitar el traslado de personas y productos.<\/p>\n<p>La mandataria se\u00f1al\u00f3 que la obra responde a un compromiso asumido durante su campa\u00f1a. Indic\u00f3 que esta carretera impulsa el desarrollo regional y acerca oportunidades a las comunidades.<\/p>\n<p>Adem\u00e1s, inform\u00f3 que el proyecto de conexi\u00f3n de Coyutla con la autopista contempla 10 kil\u00f3metros y la construcci\u00f3n de tres puentes. Esta obra se encuentra en proceso.<\/p>\n<p>Durante la gira, tambi\u00e9n dio el banderazo de inicio al tramo Coyutla\u2013Zozocolco, que abarcar\u00e1 30 kil\u00f3metros. Instruy\u00f3 atender infraestructura complementaria, incluida la rehabilitaci\u00f3n de dos puentes.<\/p>\n<p>La gobernadora subray\u00f3 que estas acciones forman parte de una pol\u00edtica de justicia social. Destac\u00f3 que la inversi\u00f3n en infraestructura mejora la calidad de vida y fortalece la actividad productiva.<\/p>\n<p>En el evento participaron el secretario de Gobierno, Ricardo Ahued Bardahuil, as\u00ed como legisladores y autoridades municipales de la regi\u00f3n.<\/p>\n<p>Asimismo, adelant\u00f3 que regresar\u00e1 con la Secretar\u00eda de Desarrollo Agropecuario, Rural y Pesca para implementar apoyos a productores, previo al pr\u00f3ximo ciclo de siembra.<\/p>\n<p>Con estas obras, el Gobierno de Veracruz contin\u00faa fortaleciendo la infraestructura carretera en zonas prioritarias del estado.<\/p>\n<\/div>\n<\/div>\n<div class=\"wpb_wrapper td_block_separator td_block_wrap vc_separator tdi_70  td_separator_solid td_separator_center\"><\/div>\n","protected":false},"excerpt":{"rendered":"<p>La gobernadora Roc\u00edo Nahle Garc\u00eda inaugur\u00f3 la carretera Papantla\u2013Espinal, una obra de aproximadamente 26 kil\u00f3metros que fortalece la conectividad en<\/p>\n","protected":false},"author":4,"featured_media":77638,"comment_status":"closed","ping_status":"closed","sticky":false,"template":"","format":"standard","meta":{"colormag_page_container_layout":"default_layout","colormag_page_sidebar_layout":"default_layout","_jetpack_memberships_contains_paid_content":false,"footnotes":"","jetpack_publicize_message":"","jetpack_publicize_feature_enabled":true,"jetpack_social_post_already_shared":true,"jetpack_social_options":{"image_generator_settings":{"template":"highway","default_image_id":0,"font":"","enabled":false},"version":2}},"categories":[356],"tags":[],"class_list":["post-77637","post","type-post","status-publish","format-standard","has-post-thumbnail","hentry","category-veracruz"],"jetpack_publicize_connections":[],"jetpack_featured_media_url":"https:\/\/noticiasveracruz.com\/wp-content\/uploads\/2026\/04\/CARRPA.jpg","jetpack_sharing_enabled":true,"publishpress_future_action":{"enabled":false,"date":"2026-05-07 01:40:56","action":"change-status","newStatus":"draft","terms":[],"taxonomy":"category","extraData":[]},"publishpress_future_workflow_manual_trigger":{"enabledWorkflows":[]},"_links":{"self":[{"href":"https:\/\/noticiasveracruz.com\/index.php\/wp-json\/wp\/v2\/posts\/77637","targetHints":{"allow":["GET"]}}],"collection":[{"href":"https:\/\/noticiasveracruz.com\/index.php\/wp-json\/wp\/v2\/posts"}],"about":[{"href":"https:\/\/noticiasveracruz.com\/index.php\/wp-json\/wp\/v2\/types\/post"}],"author":[{"embeddable":true,"href":"https:\/\/noticiasveracruz.com\/index.php\/wp-json\/wp\/v2\/users\/4"}],"replies":[{"embeddable":true,"href":"https:\/\/noticiasveracruz.com\/index.php\/wp-json\/wp\/v2\/comments?post=77637"}],"version-history":[{"count":1,"href":"https:\/\/noticiasveracruz.com\/index.php\/wp-json\/wp\/v2\/posts\/77637\/revisions"}],"predecessor-version":[{"id":77639,"href":"https:\/\/noticiasveracruz.com\/index.php\/wp-json\/wp\/v2\/posts\/77637\/revisions\/77639"}],"wp:featuredmedia":[{"embeddable":true,"href":"https:\/\/noticiasveracruz.com\/index.php\/wp-json\/wp\/v2\/media\/77638"}],"wp:attachment":[{"href":"https:\/\/noticiasveracruz.com\/index.php\/wp-json\/wp\/v2\/media?parent=77637"}],"wp:term":[{"taxonomy":"category","embeddable":true,"href":"https:\/\/noticiasveracruz.com\/index.php\/wp-json\/wp\/v2\/categories?post=77637"},{"taxonomy":"post_tag","embeddable":true,"href":"https:\/\/noticiasveracruz.com\/index.php\/wp-json\/wp\/v2\/tags?post=77637"}],"curies":[{"name":"wp","href":"https:\/\/api.w.org\/{rel}","templated":true}]}}