{"id":77634,"date":"2026-04-30T00:03:08","date_gmt":"2026-04-30T06:03:08","guid":{"rendered":"https:\/\/noticiasveracruz.com\/?p=77634"},"modified":"2026-04-29T22:19:34","modified_gmt":"2026-04-30T04:19:34","slug":"alcaldesa-de-veracruz-cierra-filas-con-nahle-y-pide-unidad","status":"publish","type":"post","link":"https:\/\/noticiasveracruz.com\/index.php\/2026\/04\/30\/alcaldesa-de-veracruz-cierra-filas-con-nahle-y-pide-unidad\/","title":{"rendered":"Alcaldesa de Veracruz cierra filas con Nahle y pide unidad"},"content":{"rendered":"<p>La alcaldesa Rosa Mar\u00eda Hern\u00e1ndez Espejo expres\u00f3 su respaldo a la gobernadora Roc\u00edo Nahle Garc\u00eda y llam\u00f3 a mantener la unidad en el movimiento pol\u00edtico en la entidad.<\/p>\n<p>La postura surge tras declaraciones del exdiputado local Atanasio Garc\u00eda Dur\u00e1n. La edil se\u00f1al\u00f3 que este tipo de expresiones no contribuyen a la cohesi\u00f3n interna.<\/p>\n<p>Indic\u00f3 que las opiniones que generan confrontaci\u00f3n favorecen a quienes buscan dividir. Subray\u00f3 que el momento exige responsabilidad y claridad en beneficio de la ciudadan\u00eda.<\/p>\n<p>A t\u00edtulo personal y como militante, afirm\u00f3 que no es tiempo de confundir ni confrontar al pueblo de Veracruz. Enfatiz\u00f3 la necesidad de mantener el rumbo del proyecto pol\u00edtico.<\/p>\n<p>La presidenta municipal reiter\u00f3 su respaldo a la mandataria estatal. Reconoci\u00f3 su trabajo en favor del bienestar del estado.<\/p>\n<p>Tambi\u00e9n destac\u00f3 la coordinaci\u00f3n con la presidenta Claudia Sheinbaum Pardo como parte de una estrategia conjunta para impulsar el desarrollo.<\/p>\n<p>Finalmente, hizo un llamado a fortalecer el movimiento desde la congruencia. Se\u00f1al\u00f3 que la prioridad debe ser responder a la ciudadan\u00eda con resultados.<\/p>\n<p>Con este posicionamiento, Rosa Mar\u00eda Hern\u00e1ndez Espejo reafirma su postura de unidad y respaldo al gobierno estatal.<\/p>\n","protected":false},"excerpt":{"rendered":"<p>La alcaldesa Rosa Mar\u00eda Hern\u00e1ndez Espejo expres\u00f3 su respaldo a la gobernadora Roc\u00edo Nahle Garc\u00eda y llam\u00f3 a mantener la<\/p>\n","protected":false},"author":4,"featured_media":77635,"comment_status":"closed","ping_status":"closed","sticky":false,"template":"","format":"standard","meta":{"colormag_page_container_layout":"default_layout","colormag_page_sidebar_layout":"default_layout","_jetpack_memberships_contains_paid_content":false,"footnotes":"","jetpack_publicize_message":"","jetpack_publicize_feature_enabled":true,"jetpack_social_post_already_shared":true,"jetpack_social_options":{"image_generator_settings":{"template":"highway","default_image_id":0,"font":"","enabled":false},"version":2}},"categories":[356],"tags":[],"class_list":["post-77634","post","type-post","status-publish","format-standard","has-post-thumbnail","hentry","category-veracruz"],"jetpack_publicize_connections":[],"jetpack_featured_media_url":"https:\/\/noticiasveracruz.com\/wp-content\/uploads\/2026\/04\/PCHS.jpg","jetpack_sharing_enabled":true,"publishpress_future_action":{"enabled":false,"date":"2026-05-07 01:35:30","action":"change-status","newStatus":"draft","terms":[],"taxonomy":"category","extraData":[]},"publishpress_future_workflow_manual_trigger":{"enabledWorkflows":[]},"_links":{"self":[{"href":"https:\/\/noticiasveracruz.com\/index.php\/wp-json\/wp\/v2\/posts\/77634","targetHints":{"allow":["GET"]}}],"collection":[{"href":"https:\/\/noticiasveracruz.com\/index.php\/wp-json\/wp\/v2\/posts"}],"about":[{"href":"https:\/\/noticiasveracruz.com\/index.php\/wp-json\/wp\/v2\/types\/post"}],"author":[{"embeddable":true,"href":"https:\/\/noticiasveracruz.com\/index.php\/wp-json\/wp\/v2\/users\/4"}],"replies":[{"embeddable":true,"href":"https:\/\/noticiasveracruz.com\/index.php\/wp-json\/wp\/v2\/comments?post=77634"}],"version-history":[{"count":1,"href":"https:\/\/noticiasveracruz.com\/index.php\/wp-json\/wp\/v2\/posts\/77634\/revisions"}],"predecessor-version":[{"id":77636,"href":"https:\/\/noticiasveracruz.com\/index.php\/wp-json\/wp\/v2\/posts\/77634\/revisions\/77636"}],"wp:featuredmedia":[{"embeddable":true,"href":"https:\/\/noticiasveracruz.com\/index.php\/wp-json\/wp\/v2\/media\/77635"}],"wp:attachment":[{"href":"https:\/\/noticiasveracruz.com\/index.php\/wp-json\/wp\/v2\/media?parent=77634"}],"wp:term":[{"taxonomy":"category","embeddable":true,"href":"https:\/\/noticiasveracruz.com\/index.php\/wp-json\/wp\/v2\/categories?post=77634"},{"taxonomy":"post_tag","embeddable":true,"href":"https:\/\/noticiasveracruz.com\/index.php\/wp-json\/wp\/v2\/tags?post=77634"}],"curies":[{"name":"wp","href":"https:\/\/api.w.org\/{rel}","templated":true}]}}