{"id":77628,"date":"2026-04-30T00:01:56","date_gmt":"2026-04-30T06:01:56","guid":{"rendered":"https:\/\/noticiasveracruz.com\/?p=77628"},"modified":"2026-04-29T22:17:27","modified_gmt":"2026-04-30T04:17:27","slug":"ante-criticas-defiende-ricardo-ahued-labor-de-gobernadora-es-incansable","status":"publish","type":"post","link":"https:\/\/noticiasveracruz.com\/index.php\/2026\/04\/30\/ante-criticas-defiende-ricardo-ahued-labor-de-gobernadora-es-incansable\/","title":{"rendered":"Ante cr\u00edticas, defiende Ricardo Ahued labor de gobernadora: \u201ces incansable\u201d"},"content":{"rendered":"<p>El secretario de Gobierno, Ricardo Ahued, respondi\u00f3 a las cr\u00edticas contra la gobernadora Roc\u00edo Nahle y expres\u00f3 su respaldo a la administraci\u00f3n estatal desde sus redes sociales. \u201cSiempre he sido respetuoso de la libertad de expresi\u00f3n; en esta ocasi\u00f3n ejerzo la m\u00eda y repruebo contundentemente las declaraciones del d\u00eda de hoy del Mtro. Atanasio Garc\u00eda Dur\u00e1n\u201d, expuso.<\/p>\n<p>El funcionario afirm\u00f3 que el gobierno estatal trabaja en la reconstrucci\u00f3n de carreteras, adem\u00e1s de avanzar en la reducci\u00f3n de la deuda heredada y en la atenci\u00f3n del rezago en el Sector Salud, en coordinaci\u00f3n con la Federaci\u00f3n. \u201cSeguramente Veracruz abriga muchos retos, pero ella ha demostrado que es incansable; resiste los embates y las injurias\u201d, refiri\u00f3.<\/p>\n<p>A\u00f1adi\u00f3 que la mandataria es quien m\u00e1s ha recorrido el territorio estatal y quien mejor conoce sus necesidades. \u201cNo hay un pol\u00edtico que haya recorrido m\u00e1s veces el estado ni que lo conozca m\u00e1s que ella\u201d, sostuvo. Finalmente, reiter\u00f3 su rechazo a los se\u00f1alamientos y su respaldo a la mandataria. \u201cPor eso, y en aras del respeto que le tengo a usted, Maestro, rechazo las opiniones vertidas en contra de nuestra gobernadora\u201d, concluy\u00f3.<\/p>\n<p>Critica exdiputado Atanasio Garc\u00eda conducci\u00f3n del gobierno<\/p>\n<p>El exdiputado local y expresidente del Congreso de Veracruz, Atanasio Garc\u00eda Dur\u00e1n, padre del exgobernador Cuitl\u00e1huac Garc\u00eda Jim\u00e9nez, cuestion\u00f3 la conducci\u00f3n del gobierno estatal al se\u00f1alar que la administraci\u00f3n de Roc\u00edo Nahle no ha logrado detonar el potencial econ\u00f3mico de la entidad ni orientar adecuadamente sus recursos. \u201cCuando empez\u00f3 a decirse eso yo no lo cre\u00eda, pero ahora lo creo firmemente. O sea, pues se desconoce y no se tiene la visi\u00f3n\u201d, expuso.<\/p>\n<p>Adem\u00e1s, advirti\u00f3 que existen inconformidades dentro del partido y que Morena podr\u00eda enfrentar un escenario electoral distinto en los pr\u00f3ximos comicios.<\/p>\n","protected":false},"excerpt":{"rendered":"<p>El secretario de Gobierno, Ricardo Ahued, respondi\u00f3 a las cr\u00edticas contra la gobernadora Roc\u00edo Nahle y expres\u00f3 su respaldo a<\/p>\n","protected":false},"author":4,"featured_media":77629,"comment_status":"closed","ping_status":"closed","sticky":false,"template":"","format":"standard","meta":{"colormag_page_container_layout":"default_layout","colormag_page_sidebar_layout":"default_layout","_jetpack_memberships_contains_paid_content":false,"footnotes":"","jetpack_publicize_message":"","jetpack_publicize_feature_enabled":true,"jetpack_social_post_already_shared":true,"jetpack_social_options":{"image_generator_settings":{"template":"highway","default_image_id":0,"font":"","enabled":false},"version":2}},"categories":[356],"tags":[],"class_list":["post-77628","post","type-post","status-publish","format-standard","has-post-thumbnail","hentry","category-veracruz"],"jetpack_publicize_connections":[],"jetpack_featured_media_url":"https:\/\/noticiasveracruz.com\/wp-content\/uploads\/2026\/04\/PUSI.jpg","jetpack_sharing_enabled":true,"publishpress_future_action":{"enabled":false,"date":"2026-05-07 01:32:53","action":"change-status","newStatus":"draft","terms":[],"taxonomy":"category","extraData":[]},"publishpress_future_workflow_manual_trigger":{"enabledWorkflows":[]},"_links":{"self":[{"href":"https:\/\/noticiasveracruz.com\/index.php\/wp-json\/wp\/v2\/posts\/77628","targetHints":{"allow":["GET"]}}],"collection":[{"href":"https:\/\/noticiasveracruz.com\/index.php\/wp-json\/wp\/v2\/posts"}],"about":[{"href":"https:\/\/noticiasveracruz.com\/index.php\/wp-json\/wp\/v2\/types\/post"}],"author":[{"embeddable":true,"href":"https:\/\/noticiasveracruz.com\/index.php\/wp-json\/wp\/v2\/users\/4"}],"replies":[{"embeddable":true,"href":"https:\/\/noticiasveracruz.com\/index.php\/wp-json\/wp\/v2\/comments?post=77628"}],"version-history":[{"count":1,"href":"https:\/\/noticiasveracruz.com\/index.php\/wp-json\/wp\/v2\/posts\/77628\/revisions"}],"predecessor-version":[{"id":77630,"href":"https:\/\/noticiasveracruz.com\/index.php\/wp-json\/wp\/v2\/posts\/77628\/revisions\/77630"}],"wp:featuredmedia":[{"embeddable":true,"href":"https:\/\/noticiasveracruz.com\/index.php\/wp-json\/wp\/v2\/media\/77629"}],"wp:attachment":[{"href":"https:\/\/noticiasveracruz.com\/index.php\/wp-json\/wp\/v2\/media?parent=77628"}],"wp:term":[{"taxonomy":"category","embeddable":true,"href":"https:\/\/noticiasveracruz.com\/index.php\/wp-json\/wp\/v2\/categories?post=77628"},{"taxonomy":"post_tag","embeddable":true,"href":"https:\/\/noticiasveracruz.com\/index.php\/wp-json\/wp\/v2\/tags?post=77628"}],"curies":[{"name":"wp","href":"https:\/\/api.w.org\/{rel}","templated":true}]}}