{"id":77621,"date":"2026-04-29T00:20:07","date_gmt":"2026-04-29T06:20:07","guid":{"rendered":"https:\/\/noticiasveracruz.com\/?p=77621"},"modified":"2026-04-28T23:34:55","modified_gmt":"2026-04-29T05:34:55","slug":"trump-arremete-contra-merz-por-afirmar-que-iran-esta-humillando-a-eu-en-negociaciones","status":"publish","type":"post","link":"https:\/\/noticiasveracruz.com\/index.php\/2026\/04\/29\/trump-arremete-contra-merz-por-afirmar-que-iran-esta-humillando-a-eu-en-negociaciones\/","title":{"rendered":"Trump arremete contra Merz por afirmar que Ir\u00e1n est\u00e1 \u00abhumillando\u00bb a EU en negociaciones"},"content":{"rendered":"<p class=\"nota-justify\">El presidente de Estados Unidos, Donald Trump, arremeti\u00f3 este martes contra el canciller alem\u00e1n, Friedrich Merz, tras sus comentarios de que Ir\u00e1n est\u00e1 \u00abhumillando\u00bb a Washington en la mesa de negociaciones sobre la guerra.<\/p>\n<p class=\"nota-justify\">\u201cEl canciller de Alemania, Friedrich Merz, cree que est\u00e1 bien que Ir\u00e1n tenga un arma nuclear. \u00a1No sabe de qu\u00e9 est\u00e1 hablando!\u201d, escribi\u00f3 Trump en una publicaci\u00f3n en su red Truth Social.<\/p>\n<p>\u201cSi Ir\u00e1n tuviera un arma nuclear, el mundo entero ser\u00eda reh\u00e9n. Estoy haciendo algo con Ir\u00e1n ahora mismo que otras naciones, o presidentes, deber\u00edan haber hecho hace mucho tiempo. \u00a1No es de extra\u00f1ar que Alemania est\u00e9 tan mal, tanto econ\u00f3mica como en otros aspectos!\u201d, a\u00f1adi\u00f3 el mandatario.<\/p>\n","protected":false},"excerpt":{"rendered":"<p>El presidente de Estados Unidos, Donald Trump, arremeti\u00f3 este martes contra el canciller alem\u00e1n, Friedrich Merz, tras sus comentarios de<\/p>\n","protected":false},"author":4,"featured_media":77622,"comment_status":"closed","ping_status":"closed","sticky":false,"template":"","format":"standard","meta":{"colormag_page_container_layout":"default_layout","colormag_page_sidebar_layout":"default_layout","_jetpack_memberships_contains_paid_content":false,"footnotes":"","jetpack_publicize_message":"","jetpack_publicize_feature_enabled":true,"jetpack_social_post_already_shared":true,"jetpack_social_options":{"image_generator_settings":{"template":"highway","default_image_id":0,"font":"","enabled":false},"version":2}},"categories":[355],"tags":[],"class_list":["post-77621","post","type-post","status-publish","format-standard","has-post-thumbnail","hentry","category-internacional"],"jetpack_publicize_connections":[],"jetpack_featured_media_url":"https:\/\/noticiasveracruz.com\/wp-content\/uploads\/2026\/04\/ulti.webp","jetpack_sharing_enabled":true,"publishpress_future_action":{"enabled":false,"date":"2026-05-06 00:44:19","action":"change-status","newStatus":"draft","terms":[],"taxonomy":"category","extraData":[]},"publishpress_future_workflow_manual_trigger":{"enabledWorkflows":[]},"_links":{"self":[{"href":"https:\/\/noticiasveracruz.com\/index.php\/wp-json\/wp\/v2\/posts\/77621","targetHints":{"allow":["GET"]}}],"collection":[{"href":"https:\/\/noticiasveracruz.com\/index.php\/wp-json\/wp\/v2\/posts"}],"about":[{"href":"https:\/\/noticiasveracruz.com\/index.php\/wp-json\/wp\/v2\/types\/post"}],"author":[{"embeddable":true,"href":"https:\/\/noticiasveracruz.com\/index.php\/wp-json\/wp\/v2\/users\/4"}],"replies":[{"embeddable":true,"href":"https:\/\/noticiasveracruz.com\/index.php\/wp-json\/wp\/v2\/comments?post=77621"}],"version-history":[{"count":1,"href":"https:\/\/noticiasveracruz.com\/index.php\/wp-json\/wp\/v2\/posts\/77621\/revisions"}],"predecessor-version":[{"id":77623,"href":"https:\/\/noticiasveracruz.com\/index.php\/wp-json\/wp\/v2\/posts\/77621\/revisions\/77623"}],"wp:featuredmedia":[{"embeddable":true,"href":"https:\/\/noticiasveracruz.com\/index.php\/wp-json\/wp\/v2\/media\/77622"}],"wp:attachment":[{"href":"https:\/\/noticiasveracruz.com\/index.php\/wp-json\/wp\/v2\/media?parent=77621"}],"wp:term":[{"taxonomy":"category","embeddable":true,"href":"https:\/\/noticiasveracruz.com\/index.php\/wp-json\/wp\/v2\/categories?post=77621"},{"taxonomy":"post_tag","embeddable":true,"href":"https:\/\/noticiasveracruz.com\/index.php\/wp-json\/wp\/v2\/tags?post=77621"}],"curies":[{"name":"wp","href":"https:\/\/api.w.org\/{rel}","templated":true}]}}