{"id":7762,"date":"2022-09-06T06:04:58","date_gmt":"2022-09-06T11:04:58","guid":{"rendered":"https:\/\/noticiasveracruz.com\/?p=7762"},"modified":"2022-09-06T06:06:20","modified_gmt":"2022-09-06T11:06:20","slug":"boca-del-rio-xalapa-y-camerino-z-mendoza-tres-formas-de-gobernar","status":"publish","type":"post","link":"https:\/\/noticiasveracruz.com\/index.php\/2022\/09\/06\/boca-del-rio-xalapa-y-camerino-z-mendoza-tres-formas-de-gobernar\/","title":{"rendered":"Boca del R\u00edo, Xalapa y Camerino Z. Mendoza, tres formas de gobernar"},"content":{"rendered":"<p>&nbsp;<\/p>\n<p class=\"p1\"><span style=\"font-size: 18pt;\"><strong>Por Luis Ram\u00edrez Baqueiro<\/strong><\/span><\/p>\n<p>&nbsp;<\/p>\n<p class=\"p1\" style=\"text-align: center;\"><em><span style=\"font-size: 18pt;\"><strong>\u201cLa conducta es un espejo en que cada uno muestra su imagen\u201d <\/strong><\/span><\/em><\/p>\n<p class=\"p1\" style=\"text-align: center;\"><span style=\"font-size: 18pt;\">\u2013 Johann Wolfgang von Goethe \u2013 <\/span><\/p>\n<p>&nbsp;<\/p>\n<p class=\"p1\"><span style=\"font-size: 14pt;\">Veracruz es un crisol de formas y pensamientos, su m\u00e1s de 700 kil\u00f3metros de litoral nos permiten contemplar la majestuosidad de la naturaleza en todas y cada una de sus formas; esa condicionante hace por lo mismo que la idiosincrasia del veracruzano sea distinta de norte al sur, o de la costa al altiplano.<\/span><\/p>\n<p class=\"p1\"><span style=\"font-size: 14pt;\">De igual manera, sus autoridades municipales desarrollan tambi\u00e9n formas y acciones muy distintas de ejecutar lo que consideran son una prioridad en la demanda de necesidades p\u00fablicas.<\/span><\/p>\n<p class=\"p1\"><span style=\"font-size: 14pt;\">Mientras en Xalapa, el tema de las vialidades y su abandono se han convertido en el eje central de la pol\u00edtica desarrollada por su alcalde Ricardo Ahued Bardahuil \u2013heredada de la p\u00e9sima administraci\u00f3n de Hip\u00f3lito Rodr\u00edguez Herrero-, la realidad es que con el paso de las semanas y meses pareciera que alguien no quiere apoyar a su alcalde, siempre comprometido y dispuesto a dar la cara ante la ciudadan\u00eda.<\/span><\/p>\n<p class=\"p1\"><span style=\"font-size: 14pt;\">La mala planeaci\u00f3n y log\u00edstica con que se est\u00e1n ejecutando algunas obras en la capital, han provocado el incremento del factor social de aceptaci\u00f3n, hoy por m\u00e1s que preguntemos a los ciudadanos si se encuentran satisfechos con sus autoridades, la respuesta es casi categ\u00f3rica de reproche y criminalizaci\u00f3n, acusando una especie de indiferencia, que a la larga pesa en los niveles de aceptaci\u00f3n y reconocimiento a la autoridad municipal en funciones, esto a pesar del inmenso esfuerzo desarrollado para la ejecuci\u00f3n de las obras.<\/span><\/p>\n<p class=\"p1\"><span style=\"font-size: 14pt;\">Por desgracia, la sociedad se mueve por emociones, no por razonamientos, y eso a la larga repercute en el \u00e1nimo social respecto a determinado proyecto pol\u00edtico.<\/span><\/p>\n<p class=\"p1\"><span style=\"font-size: 14pt;\">Otro caso\u00a0sui generis\u00a0se presenta en la zona conurbada de Boca del R\u00edo, en donde su autoridad municipal a cargo de Juan Manuel de Unanue Abascal, tambi\u00e9n ejecuta acciones para garantizar el mejoramiento de calles y avenidas, as\u00ed como el pleno disfrute y desarrollo de la ni\u00f1ez al rescatar recientemente las estancias infantiles de ese municipio a cargo del Ayuntamiento.<\/span><\/p>\n<p class=\"p1\"><span style=\"font-size: 14pt;\">El m\u00e1s reciente anuncio de obra p\u00fablica implica la pavimentaci\u00f3n con concreto hidr\u00e1ulico de m\u00e1s de 13 mil metros cuadrados de la avenida Juan Pablo II, importante arteria entre la zona tur\u00edstica y la zona acad\u00e9mica de la Universidad Veracruzana (UV).<\/span><\/p>\n<p class=\"p1\"><span style=\"font-size: 14pt;\">Aunado a dicha obra se realizar\u00e1n 2 mil 510 metros lineales de se\u00f1alamiento vial horizontal, con pintura termopl\u00e1stica en flechas y pasos peatonales; y la colocaci\u00f3n de 419 vialetas sobre el pavimento, la cual se espera est\u00e9 lista para mediados de diciembre de este mismo a\u00f1o.<\/span><\/p>\n<p class=\"p1\"><span style=\"font-size: 14pt;\">El otro caso, lo impuso este mismo lunes el alcalde de Camerino Z. Mendoza en la regi\u00f3n monta\u00f1osa central de la entidad, en donde su alcalde, H\u00e9ctor Rodr\u00edguez Cort\u00e9s, realiz\u00f3 la entrega de 9 mil 750 uniformes a igual n\u00famero de alumnos de escuelas p\u00fablicas de dicho municipio de los niveles preescolar, primaria, secundaria y bachillerato.<\/span><\/p>\n<p class=\"p1\"><span style=\"font-size: 14pt;\">Acto que encabez\u00f3 el mismo titular de la Secretar\u00eda de Educaci\u00f3n de Veracruz (SEV), Zenyazen Escobar Garc\u00eda, quien, acompa\u00f1ado del mismo presidente de la Junta de Coordinaci\u00f3n Pol\u00edtica del Congreso, Juan Javier G\u00f3mez Cazar\u00edn acudieron a protocolizar y dar fe de tan loable acto.<\/span><\/p>\n<p class=\"p1\"><span style=\"font-size: 14pt;\">Garantizar vestido para uniformes a los menores, implica que en cada familia se d\u00e9 un ahorro m\u00ednimo de mil 500 pesos por alumno, algo que para familias de m\u00e1s de tres personas representa un importante ahorro, m\u00e1s s\u00ed esas familias las encabezan madres solteras.<\/span><\/p>\n<p class=\"p1\"><span style=\"font-size: 14pt;\">Mientras estos tres municipios y sus autoridades dan muestras de su actuar p\u00fablico, el mensaje enviado precisamente desde Ciudad Mendoza por parte del presidente de la Jucopo, Juan Javier G\u00f3mez Cazar\u00edn alude tiempos de turbulencia, pues al parecer el oriundo de Hueyapan de Ocampo, ha develado el velo de los malos manejos y tremendos negocios que desde el \u00d3rgano de Fiscalizaci\u00f3n Superior (Orfis) se ven\u00edan realizando para limpiar cuentas p\u00fablicas.<\/span><\/p>\n<p class=\"p1\"><span style=\"font-size: 14pt;\">Menudo esc\u00e1ndalo el que se avecina\u2026 pues ya hay nombres de funcionarios ligados a los altos mandos del Orfis implicados y corridos por dicho proceder.<\/span><\/p>\n<p>&nbsp;<\/p>\n<p class=\"p1\"><span style=\"font-size: 18pt;\"><strong>Al tiempo.<\/strong><\/span><\/p>\n<p>&nbsp;<\/p>\n<p class=\"p1\"><span style=\"font-size: 18pt;\"><strong>Correo: <a href=\"mailto:astrolabiopoliticomx@gmail.com\">astrolabiopoliticomx@gmail.com<\/a><\/strong><\/span><\/p>\n<p class=\"p1\"><span style=\"font-size: 18pt;\"><strong>Twitter: <a href=\"http:\/\/www.twitter.com\/LuisBaqueiro_mx\">@LuisBaqueiro_mx<\/a><\/strong><\/span><\/p>\n<p>&nbsp;<\/p>\n<p><span style=\"font-size: 18pt; color: #e42d33;\"><em><strong>**Las columnas firmadas en este medio son responsabilidad de quienes las firman**<\/strong><\/em><\/span><\/p>\n<p>&nbsp;<\/p>\n<p>&nbsp;<\/p>\n<p>&nbsp;<\/p>\n<p>&nbsp;<\/p>\n<p>&nbsp;<\/p>\n","protected":false},"excerpt":{"rendered":"<p>&nbsp; Por Luis Ram\u00edrez Baqueiro &nbsp; \u201cLa conducta es un espejo en que cada uno muestra su imagen\u201d \u2013 Johann<\/p>\n","protected":false},"author":4,"featured_media":3572,"comment_status":"closed","ping_status":"closed","sticky":false,"template":"","format":"standard","meta":{"colormag_page_container_layout":"default_layout","colormag_page_sidebar_layout":"default_layout","_jetpack_memberships_contains_paid_content":false,"footnotes":"","jetpack_publicize_message":"","jetpack_publicize_feature_enabled":true,"jetpack_social_post_already_shared":false,"jetpack_social_options":{"image_generator_settings":{"template":"highway","default_image_id":0,"font":"","enabled":false},"version":2}},"categories":[6],"tags":[],"class_list":["post-7762","post","type-post","status-publish","format-standard","has-post-thumbnail","hentry","category-columnistas"],"jetpack_publicize_connections":[],"jetpack_featured_media_url":"https:\/\/noticiasveracruz.com\/wp-content\/uploads\/2022\/04\/LUIS-RAMI\u0301REZ-BAQUEIRO.png","jetpack_sharing_enabled":true,"publishpress_future_action":{"enabled":false,"date":"2026-05-05 18:40:31","action":"change-status","newStatus":"draft","terms":[],"taxonomy":"category","extraData":[]},"publishpress_future_workflow_manual_trigger":{"enabledWorkflows":[]},"_links":{"self":[{"href":"https:\/\/noticiasveracruz.com\/index.php\/wp-json\/wp\/v2\/posts\/7762","targetHints":{"allow":["GET"]}}],"collection":[{"href":"https:\/\/noticiasveracruz.com\/index.php\/wp-json\/wp\/v2\/posts"}],"about":[{"href":"https:\/\/noticiasveracruz.com\/index.php\/wp-json\/wp\/v2\/types\/post"}],"author":[{"embeddable":true,"href":"https:\/\/noticiasveracruz.com\/index.php\/wp-json\/wp\/v2\/users\/4"}],"replies":[{"embeddable":true,"href":"https:\/\/noticiasveracruz.com\/index.php\/wp-json\/wp\/v2\/comments?post=7762"}],"version-history":[{"count":0,"href":"https:\/\/noticiasveracruz.com\/index.php\/wp-json\/wp\/v2\/posts\/7762\/revisions"}],"wp:featuredmedia":[{"embeddable":true,"href":"https:\/\/noticiasveracruz.com\/index.php\/wp-json\/wp\/v2\/media\/3572"}],"wp:attachment":[{"href":"https:\/\/noticiasveracruz.com\/index.php\/wp-json\/wp\/v2\/media?parent=7762"}],"wp:term":[{"taxonomy":"category","embeddable":true,"href":"https:\/\/noticiasveracruz.com\/index.php\/wp-json\/wp\/v2\/categories?post=7762"},{"taxonomy":"post_tag","embeddable":true,"href":"https:\/\/noticiasveracruz.com\/index.php\/wp-json\/wp\/v2\/tags?post=7762"}],"curies":[{"name":"wp","href":"https:\/\/api.w.org\/{rel}","templated":true}]}}