{"id":77615,"date":"2026-04-29T00:18:52","date_gmt":"2026-04-29T06:18:52","guid":{"rendered":"https:\/\/noticiasveracruz.com\/?p=77615"},"modified":"2026-04-28T23:31:36","modified_gmt":"2026-04-29T05:31:36","slug":"argentina-inicia-operaciones-el-portaviones-nimitz-en-alianza-militar-con-eu","status":"publish","type":"post","link":"https:\/\/noticiasveracruz.com\/index.php\/2026\/04\/29\/argentina-inicia-operaciones-el-portaviones-nimitz-en-alianza-militar-con-eu\/","title":{"rendered":"Argentina: inicia operaciones el portaviones &#8216;Nimitz&#8217; en alianza militar con EU"},"content":{"rendered":"<p class=\"nota-justify\">La llegada del portaviones\u00a0<i>Nimitz<\/i>\u00a0CVN-68 para realizar maniobras navales en la llamada operaci\u00f3n naval Southern Seas 2026, autorizada por el gobierno sin pasar por el Congreso, corresponde a la alianza militar con Estados Unidos, bajo la coordinaci\u00f3n del Comando Sur, cuyo jefe ahora es el general Francis L. Donovan, quien reemplaz\u00f3 a Alvin Holsey un a\u00f1o despu\u00e9s de que este funcionario visit\u00f3 Ushuaia y se reuni\u00f3 con el presidente Javier Milei.<\/p>\n<p class=\"nota-justify\">Participa adem\u00e1s el destructor Gridley. Con estas maniobras Donovan comienza a aplicar las estrategias de la nueva doctrina de seguridad nacional del gobierno de Donald Trump y el Nimizt partir\u00e1 de aqu\u00ed para recorrer una decena de pa\u00edses de Am\u00e9rica Latina que est\u00e1n bajo la \u00f3rbita del Comando Sur y la Cuarta Flota.<\/p>\n<p class=\"nota-justify\">El gobierno de Milei autoriz\u00f3 por decreto el ingreso de tropas y medios de Estados Unidos para realizar ejercicios militares conjuntos, incluyendo Daga Atl\u00e1ntica por tierra dandoluz verde al ingreso de tropas estadunidenses del 21 de abril al 12 de junio, y PASSEX (26-30 de abril). Las maniobras trascurren en bases consideradas estrat\u00e9gicas como Puerto Belgrano, C\u00f3rdoba y la VII Brigada A\u00e9rea, enfoc\u00e1ndose en la cooperaci\u00f3n naval y a\u00e9rea en el Atl\u00e1ntico Sur.<\/p>\n<p class=\"nota-justify\">El Nimitz se trasladaba este martes desde Puerto Deseado, en la provincia sure\u00f1a de Santa Cruz, para llegar a las costas frente a Trelew, Necochea y Mar del Plata, donde realizar\u00e1 maniobras con la Armada argentina de defensa y ataque, y se analiza que el gobierno de Trump trata de profundizar as\u00ed su estrategia para contener lo que denomina la \u00abinjerencia china\u00bb en el mundo pero especialmente en el Atl\u00e1ntico sur y avanza en otras \u00e1reas como el combate al narcotr\u00e1fico.<\/p>\n<p class=\"nota-justify\">Participan por Argentina entre otros la corbeta ARA San Juan y Ara Rosales, y se incorporar\u00e1n otros buques de la Armada argentina. Estas maniobras prev\u00e9n vuelos de exploraci\u00f3n, ejercicios de defensa a\u00e9rea con aviones F-18 y pr\u00e1cticas de visita, registro y captura.<\/p>\n<p class=\"nota-justify\">En tanto, la terrestre \u00abDaga Atl\u00e1ntica\u00bb se realiza desde el pasado 6 de abril, con el ingreso de tropas estadunidenses. Las maniobras, que apuntan a convertir al pa\u00eds en un modelo de la lucha contra el crimen organizado, surgieron -como se\u00f1alan medios locales- durante la visita de Todd Robinson,secretario de Estado adjunto de la Oficina de Asuntos de Narc\u00f3ticos y Aplicaci\u00f3n de la Ley (INL) estadunidense, en octubre de 2024, reuni\u00e9ndose con la entonces ministra de Seguridad, Patricia Bullrich.\u201d<\/p>\n","protected":false},"excerpt":{"rendered":"<p>La llegada del portaviones\u00a0Nimitz\u00a0CVN-68 para realizar maniobras navales en la llamada operaci\u00f3n naval Southern Seas 2026, autorizada por el gobierno<\/p>\n","protected":false},"author":4,"featured_media":77616,"comment_status":"closed","ping_status":"closed","sticky":false,"template":"","format":"standard","meta":{"colormag_page_container_layout":"default_layout","colormag_page_sidebar_layout":"default_layout","_jetpack_memberships_contains_paid_content":false,"footnotes":"","jetpack_publicize_message":"","jetpack_publicize_feature_enabled":true,"jetpack_social_post_already_shared":true,"jetpack_social_options":{"image_generator_settings":{"template":"highway","default_image_id":0,"font":"","enabled":false},"version":2}},"categories":[355],"tags":[],"class_list":["post-77615","post","type-post","status-publish","format-standard","has-post-thumbnail","hentry","category-internacional"],"jetpack_publicize_connections":[],"jetpack_featured_media_url":"https:\/\/noticiasveracruz.com\/wp-content\/uploads\/2026\/04\/ami.webp","jetpack_sharing_enabled":true,"publishpress_future_action":{"enabled":false,"date":"2026-05-06 00:39:01","action":"change-status","newStatus":"draft","terms":[],"taxonomy":"category","extraData":[]},"publishpress_future_workflow_manual_trigger":{"enabledWorkflows":[]},"_links":{"self":[{"href":"https:\/\/noticiasveracruz.com\/index.php\/wp-json\/wp\/v2\/posts\/77615","targetHints":{"allow":["GET"]}}],"collection":[{"href":"https:\/\/noticiasveracruz.com\/index.php\/wp-json\/wp\/v2\/posts"}],"about":[{"href":"https:\/\/noticiasveracruz.com\/index.php\/wp-json\/wp\/v2\/types\/post"}],"author":[{"embeddable":true,"href":"https:\/\/noticiasveracruz.com\/index.php\/wp-json\/wp\/v2\/users\/4"}],"replies":[{"embeddable":true,"href":"https:\/\/noticiasveracruz.com\/index.php\/wp-json\/wp\/v2\/comments?post=77615"}],"version-history":[{"count":1,"href":"https:\/\/noticiasveracruz.com\/index.php\/wp-json\/wp\/v2\/posts\/77615\/revisions"}],"predecessor-version":[{"id":77617,"href":"https:\/\/noticiasveracruz.com\/index.php\/wp-json\/wp\/v2\/posts\/77615\/revisions\/77617"}],"wp:featuredmedia":[{"embeddable":true,"href":"https:\/\/noticiasveracruz.com\/index.php\/wp-json\/wp\/v2\/media\/77616"}],"wp:attachment":[{"href":"https:\/\/noticiasveracruz.com\/index.php\/wp-json\/wp\/v2\/media?parent=77615"}],"wp:term":[{"taxonomy":"category","embeddable":true,"href":"https:\/\/noticiasveracruz.com\/index.php\/wp-json\/wp\/v2\/categories?post=77615"},{"taxonomy":"post_tag","embeddable":true,"href":"https:\/\/noticiasveracruz.com\/index.php\/wp-json\/wp\/v2\/tags?post=77615"}],"curies":[{"name":"wp","href":"https:\/\/api.w.org\/{rel}","templated":true}]}}