{"id":77603,"date":"2026-04-29T00:14:36","date_gmt":"2026-04-29T06:14:36","guid":{"rendered":"https:\/\/noticiasveracruz.com\/?p=77603"},"modified":"2026-04-28T23:21:29","modified_gmt":"2026-04-29T05:21:29","slug":"tampico-busca-atraer-turismo-internacional-en-tianguis-turistico-2026","status":"publish","type":"post","link":"https:\/\/noticiasveracruz.com\/index.php\/2026\/04\/29\/tampico-busca-atraer-turismo-internacional-en-tianguis-turistico-2026\/","title":{"rendered":"Tampico busca atraer turismo internacional en Tianguis Tur\u00edstico 2026"},"content":{"rendered":"<p class=\"nota-justify\">La alcaldesa de Tampico, M\u00f3nica Villarreal Anaya, asisti\u00f3 a la inauguraci\u00f3n del Tianguis Tur\u00edstico M\u00e9xico 2026, realizada en Acapulco, donde refrend\u00f3 su compromiso de posicionar al municipio como un destino competitivo y con proyecci\u00f3n internacional.<\/p>\n<p class=\"nota-justify\">El encuentro, que se lleva a cabo del 27 al 30 de abril, re\u00fane a representantes de las 32 entidades del pa\u00eds y es considerado uno de los principales escaparates para la promoci\u00f3n tur\u00edstica, as\u00ed como para la generaci\u00f3n de alianzas entre autoridades y empresarios del sector.<\/p>\n<p class=\"nota-justify\">De acuerdo con la administraci\u00f3n municipal, la edil acudi\u00f3 acompa\u00f1ada por la directora de Turismo, Karime C\u00e1mara Cha\u00edn, como parte de la estrategia de promoci\u00f3n de Tampico dentro del mercado nacional e internacional.<\/p>\n<p class=\"nota-justify\">\u201cEstamos trabajando para que m\u00e1s visitantes lleguen a nuestra ciudad y encuentren un destino moderno y seguro\u201d, se\u00f1al\u00f3 Villarreal Anaya durante su participaci\u00f3n.<\/p>\n<p class=\"nota-justify\">En el marco del evento, la presidenta municipal particip\u00f3 en la inauguraci\u00f3n del stand de Tamaulipas junto a la secretaria de Turismo del Gobierno de M\u00e9xico, Josefina Rodr\u00edguez Zamora, y el secretario estatal del ramo, Benjam\u00edn Hern\u00e1ndez Rodr\u00edguez, donde se promovieron los principales destinos de la entidad.<\/p>\n<p class=\"nota-justify\">El Gobierno municipal inform\u00f3 que Tampico forma parte de la estrategia estatal para fortalecer la presencia tur\u00edstica del noreste del pa\u00eds, destacando su oferta hist\u00f3rica, cultural y gastron\u00f3mica, as\u00ed como su conectividad con la zona conurbada del sur de Tamaulipas.<\/p>\n<p class=\"nota-justify\">Asimismo, la alcaldesa destac\u00f3 que su administraci\u00f3n mantiene coordinaci\u00f3n con el Gobierno del Estado y con los municipios de la zona sur, con el objetivo de fortalecer la conectividad y abrir nuevos mercados internacionales.<\/p>\n<p class=\"nota-justify\">Entre las acciones planteadas, se\u00f1al\u00f3 la reactivaci\u00f3n de vuelos ch\u00e1rter provenientes de Canad\u00e1, con la finalidad de incrementar la llegada de turistas extranjeros y generar mayor derrama econ\u00f3mica en la regi\u00f3n.<\/p>\n<p class=\"nota-justify\">La administraci\u00f3n municipal indic\u00f3 que continuar\u00e1 impulsando pol\u00edticas p\u00fablicas orientadas a consolidar a Tampico como un destino tur\u00edstico competitivo, moderno y con visi\u00f3n global.<\/p>\n","protected":false},"excerpt":{"rendered":"<p>La alcaldesa de Tampico, M\u00f3nica Villarreal Anaya, asisti\u00f3 a la inauguraci\u00f3n del Tianguis Tur\u00edstico M\u00e9xico 2026, realizada en Acapulco, donde<\/p>\n","protected":false},"author":4,"featured_media":77604,"comment_status":"closed","ping_status":"closed","sticky":false,"template":"","format":"standard","meta":{"colormag_page_container_layout":"default_layout","colormag_page_sidebar_layout":"default_layout","_jetpack_memberships_contains_paid_content":false,"footnotes":"","jetpack_publicize_message":"","jetpack_publicize_feature_enabled":true,"jetpack_social_post_already_shared":true,"jetpack_social_options":{"image_generator_settings":{"template":"highway","default_image_id":0,"font":"","enabled":false},"version":2}},"categories":[145],"tags":[],"class_list":["post-77603","post","type-post","status-publish","format-standard","has-post-thumbnail","hentry","category-estados"],"jetpack_publicize_connections":[],"jetpack_featured_media_url":"https:\/\/noticiasveracruz.com\/wp-content\/uploads\/2026\/04\/TITU.webp","jetpack_sharing_enabled":true,"publishpress_future_action":{"enabled":false,"date":"2026-05-06 02:03:25","action":"change-status","newStatus":"draft","terms":[],"taxonomy":"category","extraData":[]},"publishpress_future_workflow_manual_trigger":{"enabledWorkflows":[]},"_links":{"self":[{"href":"https:\/\/noticiasveracruz.com\/index.php\/wp-json\/wp\/v2\/posts\/77603","targetHints":{"allow":["GET"]}}],"collection":[{"href":"https:\/\/noticiasveracruz.com\/index.php\/wp-json\/wp\/v2\/posts"}],"about":[{"href":"https:\/\/noticiasveracruz.com\/index.php\/wp-json\/wp\/v2\/types\/post"}],"author":[{"embeddable":true,"href":"https:\/\/noticiasveracruz.com\/index.php\/wp-json\/wp\/v2\/users\/4"}],"replies":[{"embeddable":true,"href":"https:\/\/noticiasveracruz.com\/index.php\/wp-json\/wp\/v2\/comments?post=77603"}],"version-history":[{"count":1,"href":"https:\/\/noticiasveracruz.com\/index.php\/wp-json\/wp\/v2\/posts\/77603\/revisions"}],"predecessor-version":[{"id":77605,"href":"https:\/\/noticiasveracruz.com\/index.php\/wp-json\/wp\/v2\/posts\/77603\/revisions\/77605"}],"wp:featuredmedia":[{"embeddable":true,"href":"https:\/\/noticiasveracruz.com\/index.php\/wp-json\/wp\/v2\/media\/77604"}],"wp:attachment":[{"href":"https:\/\/noticiasveracruz.com\/index.php\/wp-json\/wp\/v2\/media?parent=77603"}],"wp:term":[{"taxonomy":"category","embeddable":true,"href":"https:\/\/noticiasveracruz.com\/index.php\/wp-json\/wp\/v2\/categories?post=77603"},{"taxonomy":"post_tag","embeddable":true,"href":"https:\/\/noticiasveracruz.com\/index.php\/wp-json\/wp\/v2\/tags?post=77603"}],"curies":[{"name":"wp","href":"https:\/\/api.w.org\/{rel}","templated":true}]}}