{"id":77594,"date":"2026-04-29T00:11:20","date_gmt":"2026-04-29T06:11:20","guid":{"rendered":"https:\/\/noticiasveracruz.com\/?p=77594"},"modified":"2026-04-28T23:04:06","modified_gmt":"2026-04-29T05:04:06","slug":"lula-destaca-que-acuerdo-mercosur-ue-es-una-respuesta-a-politicas-comerciales-de-trump","status":"publish","type":"post","link":"https:\/\/noticiasveracruz.com\/index.php\/2026\/04\/29\/lula-destaca-que-acuerdo-mercosur-ue-es-una-respuesta-a-politicas-comerciales-de-trump\/","title":{"rendered":"Lula destaca que acuerdo Mercosur-UE es una respuesta a pol\u00edticas comerciales de Trump"},"content":{"rendered":"<p class=\"nota-justify\">El presidente de Brasil, Luiz In\u00e1cio Lula da Silva, promulg\u00f3 el martes el acuerdo comercial alcanzado entre el Mercado Com\u00fan del Sur (Mercosur) y la Uni\u00f3n Europea (UE), que entra en vigor de forma provisional el 1 de mayo, y valor\u00f3 que se trata de una respuesta a las pol\u00edticas proteccionistas del presidente de Estados Unidos, Donald Trump.<\/p>\n<p class=\"nota-justify\">\u201cEl acuerdo llega para reforzar la idea del multilateralismo. Despu\u00e9s que Trump tom\u00f3 medidas unilaterales contra el mundo entero, la respuesta que la UE y Brasil dieron al mundo es que no existe nada mejor que el ejercicio de la democracia, que el multilateralismo y que la relaci\u00f3n cordial entre las naciones\u201d, dijo Lula.<\/p>\n<p class=\"nota-justify\">El l\u00edder brasile\u00f1o firm\u00f3 el decreto que promulga en Brasil el acuerdo comercial entre la UE y el Mercosur, que se negoci\u00f3 durante casi 25 a\u00f1os y se aprob\u00f3 finalmente el pasado mes de enero.<\/p>\n<p class=\"nota-justify\">El mandatario destac\u00f3 que sacar adelante el acuerdo cost\u00f3 \u201chierro, sangre y sudor\u201d, porque hay muchos intereses implicados en evitar que Brasil crezca, dispute mercados y coloque sus productos en el extranjero.<\/p>\n<p class=\"nota-justify\">\u201cCuando los colonizados deciden levantar la cabeza y decir que tienen derechos, nos crean m\u00e1s y m\u00e1s dificultades, porque entonces nos convertimos en competitivos\u201d, afirm\u00f3.<\/p>\n<p class=\"nota-justify\">El tratado, firmado el 17 de enero en Paraguay, tras m\u00e1s de 25 a\u00f1os de negociaciones, prev\u00e9 la reducci\u00f3n o eliminaci\u00f3n progresiva de aranceles que abarcan m\u00e1s de 90 por ciento del intercambio entre ambos bloques.<\/p>\n<p>La iniciativa integrar\u00e1 un mercado de m\u00e1s de 700 millones de personas, conectando el Mercosur \u2013integrado por Brasil, Argentina, Paraguay y Uruguay, con Bolivia en proceso de adhesi\u00f3n plena\u2013 con la zona del euro, y potenciando el flujo de bienes y capitales.<\/p>\n","protected":false},"excerpt":{"rendered":"<p>El presidente de Brasil, Luiz In\u00e1cio Lula da Silva, promulg\u00f3 el martes el acuerdo comercial alcanzado entre el Mercado Com\u00fan<\/p>\n","protected":false},"author":4,"featured_media":77595,"comment_status":"closed","ping_status":"closed","sticky":false,"template":"","format":"standard","meta":{"colormag_page_container_layout":"default_layout","colormag_page_sidebar_layout":"default_layout","_jetpack_memberships_contains_paid_content":false,"footnotes":"","jetpack_publicize_message":"","jetpack_publicize_feature_enabled":true,"jetpack_social_post_already_shared":true,"jetpack_social_options":{"image_generator_settings":{"template":"highway","default_image_id":0,"font":"","enabled":false},"version":2}},"categories":[1947],"tags":[],"class_list":["post-77594","post","type-post","status-publish","format-standard","has-post-thumbnail","hentry","category-economia"],"jetpack_publicize_connections":[],"jetpack_featured_media_url":"https:\/\/noticiasveracruz.com\/wp-content\/uploads\/2026\/04\/LALUL.webp","jetpack_sharing_enabled":true,"publishpress_future_action":{"enabled":false,"date":"2026-05-06 02:44:09","action":"change-status","newStatus":"draft","terms":[],"taxonomy":"category","extraData":[]},"publishpress_future_workflow_manual_trigger":{"enabledWorkflows":[]},"_links":{"self":[{"href":"https:\/\/noticiasveracruz.com\/index.php\/wp-json\/wp\/v2\/posts\/77594","targetHints":{"allow":["GET"]}}],"collection":[{"href":"https:\/\/noticiasveracruz.com\/index.php\/wp-json\/wp\/v2\/posts"}],"about":[{"href":"https:\/\/noticiasveracruz.com\/index.php\/wp-json\/wp\/v2\/types\/post"}],"author":[{"embeddable":true,"href":"https:\/\/noticiasveracruz.com\/index.php\/wp-json\/wp\/v2\/users\/4"}],"replies":[{"embeddable":true,"href":"https:\/\/noticiasveracruz.com\/index.php\/wp-json\/wp\/v2\/comments?post=77594"}],"version-history":[{"count":1,"href":"https:\/\/noticiasveracruz.com\/index.php\/wp-json\/wp\/v2\/posts\/77594\/revisions"}],"predecessor-version":[{"id":77596,"href":"https:\/\/noticiasveracruz.com\/index.php\/wp-json\/wp\/v2\/posts\/77594\/revisions\/77596"}],"wp:featuredmedia":[{"embeddable":true,"href":"https:\/\/noticiasveracruz.com\/index.php\/wp-json\/wp\/v2\/media\/77595"}],"wp:attachment":[{"href":"https:\/\/noticiasveracruz.com\/index.php\/wp-json\/wp\/v2\/media?parent=77594"}],"wp:term":[{"taxonomy":"category","embeddable":true,"href":"https:\/\/noticiasveracruz.com\/index.php\/wp-json\/wp\/v2\/categories?post=77594"},{"taxonomy":"post_tag","embeddable":true,"href":"https:\/\/noticiasveracruz.com\/index.php\/wp-json\/wp\/v2\/tags?post=77594"}],"curies":[{"name":"wp","href":"https:\/\/api.w.org\/{rel}","templated":true}]}}