{"id":77591,"date":"2026-04-29T00:10:48","date_gmt":"2026-04-29T06:10:48","guid":{"rendered":"https:\/\/noticiasveracruz.com\/?p=77591"},"modified":"2026-04-28T23:02:37","modified_gmt":"2026-04-29T05:02:37","slug":"obra-del-puente-amado-nervo-alcanza-69-de-avance-entre-nayarit-y-jalisco","status":"publish","type":"post","link":"https:\/\/noticiasveracruz.com\/index.php\/2026\/04\/29\/obra-del-puente-amado-nervo-alcanza-69-de-avance-entre-nayarit-y-jalisco\/","title":{"rendered":"Obra del Puente Amado Nervo alcanza 69% de avance entre Nayarit y Jalisco"},"content":{"rendered":"<p class=\"nota-justify\" data-start=\"20\" data-end=\"295\">La construcci\u00f3n del Puente Amado Nervo, que conectar\u00e1 a Nayarit con Jalisco, registra un avance f\u00edsico de 69.86 por ciento, inform\u00f3 la Secretar\u00eda de Infraestructura, Comunicaciones y Transportes en un comunicado.<\/p>\n<p class=\"nota-justify\" data-start=\"297\" data-end=\"464\">El paso vehicular, de 2 kil\u00f3metros de longitud, se desarrolla con una inversi\u00f3n de 930 millones de pesos y beneficiar\u00e1 a 480 mil habitantes de la regi\u00f3n.<\/p>\n<p class=\"nota-justify\" data-start=\"466\" data-end=\"783\">A su vez, permitir\u00e1 ahorros para los usuarios de 25 minutos en sus trayectos entre la Riviera Nayarit y Puerto Vallarta, ya que contar\u00e1 con dos carriles por sentido, lo que mejorar\u00e1 el flujo vehicular hacia la carretera federal 200 y la carretera estatal 544.<\/p>\n<p class=\"nota-justify\" data-start=\"785\" data-end=\"1134\">Adem\u00e1s, agilizar\u00e1 el tr\u00e1nsito de veh\u00edculos que tienen como origen o destino la zona metropolitana de Puerto Vallarta y Bah\u00eda de Banderas. El puente es considerado una obra prioritaria de la actual administraci\u00f3n, dado que atender\u00e1 la demanda de miles de personas que cruzan diariamente el r\u00edo Ameca.<\/p>\n<p class=\"nota-justify\" data-start=\"1136\" data-end=\"1280\">Los trabajos iniciaron en julio de 2025 y se espera concluirlos en julio de 2026, con lo que se habr\u00e1n generado 2 mil 700 empleos.<\/p>\n<p class=\"nota-justify\" data-start=\"1282\" data-end=\"1418\">\u201cUna vez que est\u00e9 en operaci\u00f3n, se calcula un tr\u00e1nsito diario promedio anual de entre 20 mil y 21 mil veh\u00edculos\u201d, detall\u00f3 la SICT.<\/p>\n<p data-start=\"1282\" data-end=\"1418\">El dise\u00f1o contempla 20 claros de 40 metros cada uno. Consta de 800 metros de estructura y mil 220 metros de accesos; de \u00e9stos, 364 metros est\u00e1n en Nayarit y 856 metros se ubican en Jalisco.<\/p>\n","protected":false},"excerpt":{"rendered":"<p>La construcci\u00f3n del Puente Amado Nervo, que conectar\u00e1 a Nayarit con Jalisco, registra un avance f\u00edsico de 69.86 por ciento,<\/p>\n","protected":false},"author":4,"featured_media":77592,"comment_status":"closed","ping_status":"closed","sticky":false,"template":"","format":"standard","meta":{"colormag_page_container_layout":"default_layout","colormag_page_sidebar_layout":"default_layout","_jetpack_memberships_contains_paid_content":false,"footnotes":"","jetpack_publicize_message":"","jetpack_publicize_feature_enabled":true,"jetpack_social_post_already_shared":true,"jetpack_social_options":{"image_generator_settings":{"template":"highway","default_image_id":0,"font":"","enabled":false},"version":2}},"categories":[1947],"tags":[],"class_list":["post-77591","post","type-post","status-publish","format-standard","has-post-thumbnail","hentry","category-economia"],"jetpack_publicize_connections":[],"jetpack_featured_media_url":"https:\/\/noticiasveracruz.com\/wp-content\/uploads\/2026\/04\/PU.webp","jetpack_sharing_enabled":true,"publishpress_future_action":{"enabled":false,"date":"2026-05-06 02:06:08","action":"change-status","newStatus":"draft","terms":[],"taxonomy":"category","extraData":[]},"publishpress_future_workflow_manual_trigger":{"enabledWorkflows":[]},"_links":{"self":[{"href":"https:\/\/noticiasveracruz.com\/index.php\/wp-json\/wp\/v2\/posts\/77591","targetHints":{"allow":["GET"]}}],"collection":[{"href":"https:\/\/noticiasveracruz.com\/index.php\/wp-json\/wp\/v2\/posts"}],"about":[{"href":"https:\/\/noticiasveracruz.com\/index.php\/wp-json\/wp\/v2\/types\/post"}],"author":[{"embeddable":true,"href":"https:\/\/noticiasveracruz.com\/index.php\/wp-json\/wp\/v2\/users\/4"}],"replies":[{"embeddable":true,"href":"https:\/\/noticiasveracruz.com\/index.php\/wp-json\/wp\/v2\/comments?post=77591"}],"version-history":[{"count":1,"href":"https:\/\/noticiasveracruz.com\/index.php\/wp-json\/wp\/v2\/posts\/77591\/revisions"}],"predecessor-version":[{"id":77593,"href":"https:\/\/noticiasveracruz.com\/index.php\/wp-json\/wp\/v2\/posts\/77591\/revisions\/77593"}],"wp:featuredmedia":[{"embeddable":true,"href":"https:\/\/noticiasveracruz.com\/index.php\/wp-json\/wp\/v2\/media\/77592"}],"wp:attachment":[{"href":"https:\/\/noticiasveracruz.com\/index.php\/wp-json\/wp\/v2\/media?parent=77591"}],"wp:term":[{"taxonomy":"category","embeddable":true,"href":"https:\/\/noticiasveracruz.com\/index.php\/wp-json\/wp\/v2\/categories?post=77591"},{"taxonomy":"post_tag","embeddable":true,"href":"https:\/\/noticiasveracruz.com\/index.php\/wp-json\/wp\/v2\/tags?post=77591"}],"curies":[{"name":"wp","href":"https:\/\/api.w.org\/{rel}","templated":true}]}}