{"id":77585,"date":"2026-04-29T00:08:03","date_gmt":"2026-04-29T06:08:03","guid":{"rendered":"https:\/\/noticiasveracruz.com\/?p=77585"},"modified":"2026-04-28T22:59:42","modified_gmt":"2026-04-29T04:59:42","slug":"senado-avala-el-plan-de-procuracion-de-justicia-2026-2029-de-la-fgr","status":"publish","type":"post","link":"https:\/\/noticiasveracruz.com\/index.php\/2026\/04\/29\/senado-avala-el-plan-de-procuracion-de-justicia-2026-2029-de-la-fgr\/","title":{"rendered":"Senado avala el Plan de Procuraci\u00f3n de Justicia 2026-2029 de la FGR"},"content":{"rendered":"<p class=\"nota-justify\" data-start=\"20\" data-end=\"419\">El Senado de la Rep\u00fablica aprob\u00f3 el Plan Estrat\u00e9gico de Procuraci\u00f3n de Justicia 2026-2029, presentado por la titular de la Fiscal\u00eda General de la Rep\u00fablica, Ernestina Godoy, con el voto a favor de Morena, PT, PVEM y Movimiento Ciudadano, y la abstenci\u00f3n del PRI y el PAN.<\/p>\n<p class=\"nota-justify\" data-start=\"421\" data-end=\"736\">Morena sostuvo que este programa no es una simple planeaci\u00f3n administrativa, sino el fin de una inercia institucional y el nacimiento de un modelo basado en evidencia, priorizaci\u00f3n y resultados tangibles. En contrapartida, el PAN advirti\u00f3 que el gran reto del organismo es que act\u00fae con autonom\u00eda e independencia.<\/p>\n<p class=\"nota-justify\" data-start=\"738\" data-end=\"1081\">Si no lo hace y utiliza criterios pol\u00edtico-partidistas, la FGR quedar\u00e1 totalmente desvirtuada y el plan no tendr\u00e1 sentido, subray\u00f3 Guadalupe Murgu\u00eda, quien agreg\u00f3 que el programa corre el riesgo de convertirse en un cat\u00e1logo de buenas intenciones si no cuenta con recursos suficientes para cumplir los objetivos trazados.<\/p>\n<p class=\"nota-justify\" data-start=\"1083\" data-end=\"1285\">La priista Carolina Viggiano dijo que el documento reconoce lo que por a\u00f1os se neg\u00f3: que la fiscal\u00eda tiene rezagos, desorden, falta de coordinaci\u00f3n y hasta problemas de corrupci\u00f3n.<\/p>\n<p class=\"nota-justify\" data-start=\"1287\" data-end=\"1586\">A\u00f1adi\u00f3 que el plan se escucha bien, pero al revisarlo a fondo se detectan confusiones que no son menores: no se\u00f1ala c\u00f3mo se va a coordinar la fiscal\u00eda con las autoridades locales, ni define reglas claras para atraer casos relevantes, ni garantiza independencia real en las investigaciones.<\/p>\n<p class=\"nota-justify\" data-start=\"1588\" data-end=\"1899\">Tambi\u00e9n se habla de poner a las v\u00edctimas al centro, pero no hay mecanismos claros que indiquen c\u00f3mo pueden participar en casos de desaparici\u00f3n, por ejemplo. Se anuncian mejoras forenses, bancos de datos y exhumaciones, pero al mismo tiempo se minimiza o se niega la gravedad del fen\u00f3meno, sostuvo la senadora.<\/p>\n<p class=\"nota-justify\" data-start=\"1901\" data-end=\"2446\">Al presentar el dictamen, el presidente de la Comisi\u00f3n de Justicia, Javier Corral, se\u00f1al\u00f3 que el documento parte de un diagn\u00f3stico honesto, franco y cr\u00edtico, que muestra una realidad que ya no se puede ignorar: una saturaci\u00f3n por tramitaci\u00f3n masiva que asfixia el sistema; un desequilibrio estructural donde el 94.6 por ciento de las condenas se obtienen por procedimiento abreviado, dejando el juicio oral como excepci\u00f3n, y una brecha de confianza en la que 6 de cada 10 ciudadanos a\u00fan perciben corrupci\u00f3n.<\/p>\n<p class=\"nota-justify\" data-start=\"2448\" data-end=\"2756\">El senador de Morena a\u00f1adi\u00f3 que el plan se ofrece como un parteaguas para romper esas inercias y devolver legitimidad a la acci\u00f3n ministerial. El nuevo modelo de investigaci\u00f3n e inteligencia propone el cambio de una fiscal\u00eda reactiva a una proactiva, con acciones sustentadas en la ciencia y la tecnolog\u00eda.<\/p>\n<p class=\"nota-justify\" data-start=\"2758\" data-end=\"2951\">Tambi\u00e9n se plantea romper con el modelo de persecuci\u00f3n de casos aislados y fragmentados. El objetivo ser\u00e1 ahora el desmantelamiento de grupos criminales y sus estructuras financieras, abund\u00f3.<\/p>\n","protected":false},"excerpt":{"rendered":"<p>El Senado de la Rep\u00fablica aprob\u00f3 el Plan Estrat\u00e9gico de Procuraci\u00f3n de Justicia 2026-2029, presentado por la titular de la<\/p>\n","protected":false},"author":4,"featured_media":77586,"comment_status":"closed","ping_status":"closed","sticky":false,"template":"","format":"standard","meta":{"colormag_page_container_layout":"default_layout","colormag_page_sidebar_layout":"default_layout","_jetpack_memberships_contains_paid_content":false,"footnotes":"","jetpack_publicize_message":"","jetpack_publicize_feature_enabled":true,"jetpack_social_post_already_shared":true,"jetpack_social_options":{"image_generator_settings":{"template":"highway","default_image_id":0,"font":"","enabled":false},"version":2}},"categories":[4],"tags":[],"class_list":["post-77585","post","type-post","status-publish","format-standard","has-post-thumbnail","hentry","category-nacional"],"jetpack_publicize_connections":[],"jetpack_featured_media_url":"https:\/\/noticiasveracruz.com\/wp-content\/uploads\/2026\/04\/WEB.webp","jetpack_sharing_enabled":true,"publishpress_future_action":{"enabled":false,"date":"2026-05-06 00:38:56","action":"change-status","newStatus":"draft","terms":[],"taxonomy":"category","extraData":[]},"publishpress_future_workflow_manual_trigger":{"enabledWorkflows":[]},"_links":{"self":[{"href":"https:\/\/noticiasveracruz.com\/index.php\/wp-json\/wp\/v2\/posts\/77585","targetHints":{"allow":["GET"]}}],"collection":[{"href":"https:\/\/noticiasveracruz.com\/index.php\/wp-json\/wp\/v2\/posts"}],"about":[{"href":"https:\/\/noticiasveracruz.com\/index.php\/wp-json\/wp\/v2\/types\/post"}],"author":[{"embeddable":true,"href":"https:\/\/noticiasveracruz.com\/index.php\/wp-json\/wp\/v2\/users\/4"}],"replies":[{"embeddable":true,"href":"https:\/\/noticiasveracruz.com\/index.php\/wp-json\/wp\/v2\/comments?post=77585"}],"version-history":[{"count":1,"href":"https:\/\/noticiasveracruz.com\/index.php\/wp-json\/wp\/v2\/posts\/77585\/revisions"}],"predecessor-version":[{"id":77587,"href":"https:\/\/noticiasveracruz.com\/index.php\/wp-json\/wp\/v2\/posts\/77585\/revisions\/77587"}],"wp:featuredmedia":[{"embeddable":true,"href":"https:\/\/noticiasveracruz.com\/index.php\/wp-json\/wp\/v2\/media\/77586"}],"wp:attachment":[{"href":"https:\/\/noticiasveracruz.com\/index.php\/wp-json\/wp\/v2\/media?parent=77585"}],"wp:term":[{"taxonomy":"category","embeddable":true,"href":"https:\/\/noticiasveracruz.com\/index.php\/wp-json\/wp\/v2\/categories?post=77585"},{"taxonomy":"post_tag","embeddable":true,"href":"https:\/\/noticiasveracruz.com\/index.php\/wp-json\/wp\/v2\/tags?post=77585"}],"curies":[{"name":"wp","href":"https:\/\/api.w.org\/{rel}","templated":true}]}}