{"id":77582,"date":"2026-04-29T00:07:19","date_gmt":"2026-04-29T06:07:19","guid":{"rendered":"https:\/\/noticiasveracruz.com\/?p=77582"},"modified":"2026-04-28T22:58:06","modified_gmt":"2026-04-29T04:58:06","slug":"sheinbaum-afianza-pacto-con-gasolineros-para-bajar-precio-del-diesel","status":"publish","type":"post","link":"https:\/\/noticiasveracruz.com\/index.php\/2026\/04\/29\/sheinbaum-afianza-pacto-con-gasolineros-para-bajar-precio-del-diesel\/","title":{"rendered":"Sheinbaum afianza pacto con gasolineros para bajar precio del di\u00e9sel"},"content":{"rendered":"<p class=\"nota-justify\">El gobierno federal alcanz\u00f3 un acuerdo con los concesionarios de gasolineras para que a partir de la pr\u00f3xima semana el precio del di\u00e9sel se reduzca de 28 a 27 pesos, seg\u00fan lo dio a conocer Enrique F\u00e9lix R\u00f3belo presidente de Onexpo quien destac\u00f3 que tanto la parte gubernamental como el sector gasolinero hicieron un esfuerzo para alcanzar este acuerdo.<\/p>\n<p class=\"nota-justify\">Al salir de Palacio Nacional, el dirigente estim\u00f3 que en el caso del gobierno seguramente utilizar\u00e1n sus mecanismos fiscales para apoyar esta reducci\u00f3n, esto es, el gobierno tiene el Impuesto Especial para Productos y Servicios.<\/p>\n<p class=\"nota-justify\">Coment\u00f3 que el acuerdo entrar\u00e1 en vigor la pr\u00f3xima semana y no el primero de mayo toda vez que muchas gasolineras tienen inventario adquirido a precios de esta semana y por eso habr\u00e1 que esperar y reducir el precio a partir de la semana que entra.<\/p>\n<p class=\"nota-justify\">El acuerdo se alcanz\u00f3 luego de que la v\u00edspera, la secretaria de Hacienda y Cr\u00e9dito P\u00fablico anunciara que lograron incorporar al sector bancario en esta operaci\u00f3n a fin de reducir las comisiones por el pago mediante tarjeta de cr\u00e9dito y los vales de gasolina.<\/p>\n<p class=\"nota-justify\">A partir de que estall\u00f3 la guerra en Medio Oriente que gener\u00f3 inestabilidad en el precio del petr\u00f3leo, se dispar\u00f3 el di\u00e9sel lo que motiv\u00f3 que el gobierno federal buscara un acuerdo voluntario con el sector de gasolineros para que no lo vendieran por arriba de 28 pesos. Fue un acuerdo cumplido parcialmente hasta que la presidenta Claudia Sheinbaum los convoc\u00f3 a Palacio Nacional para pactar m\u00e1s formalmente.<\/p>\n","protected":false},"excerpt":{"rendered":"<p>El gobierno federal alcanz\u00f3 un acuerdo con los concesionarios de gasolineras para que a partir de la pr\u00f3xima semana el<\/p>\n","protected":false},"author":4,"featured_media":77583,"comment_status":"closed","ping_status":"closed","sticky":false,"template":"","format":"standard","meta":{"colormag_page_container_layout":"default_layout","colormag_page_sidebar_layout":"default_layout","_jetpack_memberships_contains_paid_content":false,"footnotes":"","jetpack_publicize_message":"","jetpack_publicize_feature_enabled":true,"jetpack_social_post_already_shared":true,"jetpack_social_options":{"image_generator_settings":{"template":"highway","default_image_id":0,"font":"","enabled":false},"version":2}},"categories":[4],"tags":[],"class_list":["post-77582","post","type-post","status-publish","format-standard","has-post-thumbnail","hentry","category-nacional"],"jetpack_publicize_connections":[],"jetpack_featured_media_url":"https:\/\/noticiasveracruz.com\/wp-content\/uploads\/2026\/04\/ELDI.webp","jetpack_sharing_enabled":true,"publishpress_future_action":{"enabled":false,"date":"2026-05-06 00:38:56","action":"change-status","newStatus":"draft","terms":[],"taxonomy":"category","extraData":[]},"publishpress_future_workflow_manual_trigger":{"enabledWorkflows":[]},"_links":{"self":[{"href":"https:\/\/noticiasveracruz.com\/index.php\/wp-json\/wp\/v2\/posts\/77582","targetHints":{"allow":["GET"]}}],"collection":[{"href":"https:\/\/noticiasveracruz.com\/index.php\/wp-json\/wp\/v2\/posts"}],"about":[{"href":"https:\/\/noticiasveracruz.com\/index.php\/wp-json\/wp\/v2\/types\/post"}],"author":[{"embeddable":true,"href":"https:\/\/noticiasveracruz.com\/index.php\/wp-json\/wp\/v2\/users\/4"}],"replies":[{"embeddable":true,"href":"https:\/\/noticiasveracruz.com\/index.php\/wp-json\/wp\/v2\/comments?post=77582"}],"version-history":[{"count":1,"href":"https:\/\/noticiasveracruz.com\/index.php\/wp-json\/wp\/v2\/posts\/77582\/revisions"}],"predecessor-version":[{"id":77584,"href":"https:\/\/noticiasveracruz.com\/index.php\/wp-json\/wp\/v2\/posts\/77582\/revisions\/77584"}],"wp:featuredmedia":[{"embeddable":true,"href":"https:\/\/noticiasveracruz.com\/index.php\/wp-json\/wp\/v2\/media\/77583"}],"wp:attachment":[{"href":"https:\/\/noticiasveracruz.com\/index.php\/wp-json\/wp\/v2\/media?parent=77582"}],"wp:term":[{"taxonomy":"category","embeddable":true,"href":"https:\/\/noticiasveracruz.com\/index.php\/wp-json\/wp\/v2\/categories?post=77582"},{"taxonomy":"post_tag","embeddable":true,"href":"https:\/\/noticiasveracruz.com\/index.php\/wp-json\/wp\/v2\/tags?post=77582"}],"curies":[{"name":"wp","href":"https:\/\/api.w.org\/{rel}","templated":true}]}}