{"id":77573,"date":"2026-04-29T00:04:12","date_gmt":"2026-04-29T06:04:12","guid":{"rendered":"https:\/\/noticiasveracruz.com\/?p=77573"},"modified":"2026-04-28T22:47:39","modified_gmt":"2026-04-29T04:47:39","slug":"cumple-rocio-nahle-su-palabra-entrega-la-totalidad-de-la-carretera-isla-santiago-tuxtla","status":"publish","type":"post","link":"https:\/\/noticiasveracruz.com\/index.php\/2026\/04\/29\/cumple-rocio-nahle-su-palabra-entrega-la-totalidad-de-la-carretera-isla-santiago-tuxtla\/","title":{"rendered":"Cumple Roc\u00edo Nahle su palabra: entrega la totalidad de la carretera Isla\u2013Santiago Tuxtla"},"content":{"rendered":"<p>El Gobierno del Estado entreg\u00f3 la reconstrucci\u00f3n del tramo Santiago Tuxtla\u2013entronque con la Carretera Federal 145D, con una longitud de 46.26 kil\u00f3metros, completando as\u00ed el proyecto integral de 60 kil\u00f3metros que conecta a Isla con Santiago Tuxtla.<\/p>\n<p>&nbsp;<\/p>\n<p>\u201cEsta fue la primera obra a la que me compromet\u00ed. La gente me pidi\u00f3 una sola cosa: la carretera de Isla a Santiago Tuxtla, y les dije que s\u00ed, que la \u00edbamos a hacer completa. Hoy es una realidad: palabra cumplida\u201d, subray\u00f3 la gobernadora Roc\u00edo Nahle Garc\u00eda.<\/p>\n<p>&nbsp;<\/p>\n<p>Destac\u00f3 que la v\u00eda es estrat\u00e9gica, ya que conecta a Santiago Tuxtla, San Andr\u00e9s Tuxtla y Catemaco, as\u00ed como a la regi\u00f3n de la Cuenca del Papaloapan, facilitando el traslado de personas, productos y servicios, tras m\u00e1s de 25 a\u00f1os sin intervenci\u00f3n mayor.<\/p>\n<p>&nbsp;<\/p>\n<p>\u201cLos impuestos de ustedes est\u00e1n aqu\u00ed, en esta v\u00eda. Veracruz merece estar en el lugar que le corresponde\u201d, expres\u00f3 ante la poblaci\u00f3n que la acompa\u00f1\u00f3.<\/p>\n<p>&nbsp;<\/p>\n<p>Asimismo, inform\u00f3 que, en coordinaci\u00f3n con la Secretar\u00eda de Infraestructura, Comunicaciones y Transportes, se intervendr\u00e1 nuevamente la Carretera Federal 180, en el tramo Santiago Tuxtla\u2013San Andr\u00e9s Tuxtla, con un reencarpetado de mayor resistencia que permita enfrentar las lluvias y garantizar mejores condiciones de tr\u00e1nsito.<\/p>\n<p>&nbsp;<\/p>\n<p>Como parte de su gira de trabajo, la Mandataria dio el banderazo de inicio para la rehabilitaci\u00f3n de Dos Caminos\u2013Tres Zapotes\u2013entronque con la Carretera Federal 179, as\u00ed como San Andr\u00e9s Tuxtla\u2013Roca Partida.<\/p>\n<p>&nbsp;<\/p>\n<p>Adem\u00e1s, subray\u00f3 que \u201cVeracruz ya no es sin\u00f3nimo de esc\u00e1ndalo ni de atraso; es sin\u00f3nimo de gente trabajadora y capaz. Y a nuestra gente le respondemos con trabajo y resultados\u201d, afirm\u00f3.<\/p>\n<p>&nbsp;<\/p>\n<p>Acompa\u00f1aron a la Gobernadora el secretario de Infraestructura y Obras P\u00fablicas, Leonardo Cornejo Serrano; la diputada federal Paola Tenorio Adame; la diputada local Janix Liliana Castro Mu\u00f1oz, y autoridades municipales de la regi\u00f3n.<\/p>\n","protected":false},"excerpt":{"rendered":"<p>El Gobierno del Estado entreg\u00f3 la reconstrucci\u00f3n del tramo Santiago Tuxtla\u2013entronque con la Carretera Federal 145D, con una longitud de<\/p>\n","protected":false},"author":4,"featured_media":77574,"comment_status":"closed","ping_status":"closed","sticky":false,"template":"","format":"standard","meta":{"colormag_page_container_layout":"default_layout","colormag_page_sidebar_layout":"default_layout","_jetpack_memberships_contains_paid_content":false,"footnotes":"","jetpack_publicize_message":"","jetpack_publicize_feature_enabled":true,"jetpack_social_post_already_shared":true,"jetpack_social_options":{"image_generator_settings":{"template":"highway","default_image_id":0,"font":"","enabled":false},"version":2}},"categories":[356],"tags":[],"class_list":["post-77573","post","type-post","status-publish","format-standard","has-post-thumbnail","hentry","category-veracruz"],"jetpack_publicize_connections":[],"jetpack_featured_media_url":"https:\/\/noticiasveracruz.com\/wp-content\/uploads\/2026\/04\/WhatsApp-Image-2026-04-28-at-15.28.28-2.jpg","jetpack_sharing_enabled":true,"publishpress_future_action":{"enabled":false,"date":"2026-05-06 01:30:18","action":"change-status","newStatus":"draft","terms":[],"taxonomy":"category","extraData":[]},"publishpress_future_workflow_manual_trigger":{"enabledWorkflows":[]},"_links":{"self":[{"href":"https:\/\/noticiasveracruz.com\/index.php\/wp-json\/wp\/v2\/posts\/77573","targetHints":{"allow":["GET"]}}],"collection":[{"href":"https:\/\/noticiasveracruz.com\/index.php\/wp-json\/wp\/v2\/posts"}],"about":[{"href":"https:\/\/noticiasveracruz.com\/index.php\/wp-json\/wp\/v2\/types\/post"}],"author":[{"embeddable":true,"href":"https:\/\/noticiasveracruz.com\/index.php\/wp-json\/wp\/v2\/users\/4"}],"replies":[{"embeddable":true,"href":"https:\/\/noticiasveracruz.com\/index.php\/wp-json\/wp\/v2\/comments?post=77573"}],"version-history":[{"count":1,"href":"https:\/\/noticiasveracruz.com\/index.php\/wp-json\/wp\/v2\/posts\/77573\/revisions"}],"predecessor-version":[{"id":77575,"href":"https:\/\/noticiasveracruz.com\/index.php\/wp-json\/wp\/v2\/posts\/77573\/revisions\/77575"}],"wp:featuredmedia":[{"embeddable":true,"href":"https:\/\/noticiasveracruz.com\/index.php\/wp-json\/wp\/v2\/media\/77574"}],"wp:attachment":[{"href":"https:\/\/noticiasveracruz.com\/index.php\/wp-json\/wp\/v2\/media?parent=77573"}],"wp:term":[{"taxonomy":"category","embeddable":true,"href":"https:\/\/noticiasveracruz.com\/index.php\/wp-json\/wp\/v2\/categories?post=77573"},{"taxonomy":"post_tag","embeddable":true,"href":"https:\/\/noticiasveracruz.com\/index.php\/wp-json\/wp\/v2\/tags?post=77573"}],"curies":[{"name":"wp","href":"https:\/\/api.w.org\/{rel}","templated":true}]}}