{"id":77570,"date":"2026-04-29T00:03:18","date_gmt":"2026-04-29T06:03:18","guid":{"rendered":"https:\/\/noticiasveracruz.com\/?p=77570"},"modified":"2026-04-28T22:46:49","modified_gmt":"2026-04-29T04:46:49","slug":"autoriza-congreso-al-poder-ejecutivo-la-enajenacion-de-aeronaves","status":"publish","type":"post","link":"https:\/\/noticiasveracruz.com\/index.php\/2026\/04\/29\/autoriza-congreso-al-poder-ejecutivo-la-enajenacion-de-aeronaves\/","title":{"rendered":"Autoriza Congreso al Poder Ejecutivo la enajenaci\u00f3n de aeronaves"},"content":{"rendered":"<p>Las diputadas y los diputados la LXVII Legislatura autorizaron al Poder Ejecutivo del Estado de Veracruz para que, a trav\u00e9s de la Secretar\u00eda de Finanzas y Planeaci\u00f3n (Sefiplan), enajene a t\u00edtulo oneroso mediante el proceso de subasta p\u00fablica, nueve aeronaves que son propiedad del Gobierno del Estado.<\/p>\n<p>El dictamen, emitido por la Comisi\u00f3n Permanente de Hacienda del Estado, precisa que los recursos econ\u00f3micos que se obtengan por la enajenaci\u00f3n onerosa de dichos bienes ser\u00e1n destinados, preferentemente, a gastos contingentes no previstos y a los proyectos de inversi\u00f3n adicionales a realizarse durante el transcurso del ejercicio fiscal.<\/p>\n<p>El valor comercial total de los 3 aviones y 6 helic\u00f3pteros, seg\u00fan los aval\u00faos periciales integrados al expediente, asciende a la cantidad de 5 millones 298 mil 300 d\u00f3lares estadounidenses.<\/p>\n<p>Asimismo, el Pleno aprob\u00f3 el dictamen por el cual se autoriza al Poder Ejecutivo del Estado enajenar a t\u00edtulo oneroso mediante subasta restringida, seis unidades vehiculares, propiedad del Gobierno del Estado, asignados a la Contralor\u00eda General del Estado (CGE).<\/p>\n<p>El motivo de la solicitud, refiere el documento, se fundamenta en la necesidad de realizar una depuraci\u00f3n del inventario y la optimizaci\u00f3n de recursos p\u00fablicos, permitiendo la liberaci\u00f3n de seis espacios de estacionamiento y el cese de erogaciones por concepto de derechos vehiculares y primas de seguros.<\/p>\n<p>Durante la sesi\u00f3n, le fue autorizado tambi\u00e9n al Poder Ejecutivo estatal la enajenaci\u00f3n, a t\u00edtulo gratuito en la modalidad de donaci\u00f3n, 171 bienes muebles asignados a la Secretar\u00eda de Infraestructura y Obras P\u00fablicas (SIOP), a favor de la Asociaci\u00f3n Civil Patronato de Bomberos de Xalapa.<\/p>\n<p>El dictamen t\u00e9cnico, refiere el dictamen, expone que el estado material de los 171 bienes muebles a enajenar son de oficina, herramientas, aparatos electr\u00f3nicos y de c\u00f3mputo en desuso, que se clasifican en calidad de incosteables y obsoletos que se encuentran en condiciones de deterioro f\u00edsico, carentes de vida \u00fatil y perdiendo totalmente su funcionalidad.<\/p>\n","protected":false},"excerpt":{"rendered":"<p>Las diputadas y los diputados la LXVII Legislatura autorizaron al Poder Ejecutivo del Estado de Veracruz para que, a trav\u00e9s<\/p>\n","protected":false},"author":4,"featured_media":77571,"comment_status":"closed","ping_status":"closed","sticky":false,"template":"","format":"standard","meta":{"colormag_page_container_layout":"default_layout","colormag_page_sidebar_layout":"default_layout","_jetpack_memberships_contains_paid_content":false,"footnotes":"","jetpack_publicize_message":"","jetpack_publicize_feature_enabled":true,"jetpack_social_post_already_shared":true,"jetpack_social_options":{"image_generator_settings":{"template":"highway","default_image_id":0,"font":"","enabled":false},"version":2}},"categories":[356],"tags":[],"class_list":["post-77570","post","type-post","status-publish","format-standard","has-post-thumbnail","hentry","category-veracruz"],"jetpack_publicize_connections":[],"jetpack_featured_media_url":"https:\/\/noticiasveracruz.com\/wp-content\/uploads\/2026\/04\/WhatsApp-Image-2026-04-28-at-16.18.jpeg","jetpack_sharing_enabled":true,"publishpress_future_action":{"enabled":false,"date":"2026-05-06 02:17:58","action":"change-status","newStatus":"draft","terms":[],"taxonomy":"category","extraData":[]},"publishpress_future_workflow_manual_trigger":{"enabledWorkflows":[]},"_links":{"self":[{"href":"https:\/\/noticiasveracruz.com\/index.php\/wp-json\/wp\/v2\/posts\/77570","targetHints":{"allow":["GET"]}}],"collection":[{"href":"https:\/\/noticiasveracruz.com\/index.php\/wp-json\/wp\/v2\/posts"}],"about":[{"href":"https:\/\/noticiasveracruz.com\/index.php\/wp-json\/wp\/v2\/types\/post"}],"author":[{"embeddable":true,"href":"https:\/\/noticiasveracruz.com\/index.php\/wp-json\/wp\/v2\/users\/4"}],"replies":[{"embeddable":true,"href":"https:\/\/noticiasveracruz.com\/index.php\/wp-json\/wp\/v2\/comments?post=77570"}],"version-history":[{"count":1,"href":"https:\/\/noticiasveracruz.com\/index.php\/wp-json\/wp\/v2\/posts\/77570\/revisions"}],"predecessor-version":[{"id":77572,"href":"https:\/\/noticiasveracruz.com\/index.php\/wp-json\/wp\/v2\/posts\/77570\/revisions\/77572"}],"wp:featuredmedia":[{"embeddable":true,"href":"https:\/\/noticiasveracruz.com\/index.php\/wp-json\/wp\/v2\/media\/77571"}],"wp:attachment":[{"href":"https:\/\/noticiasveracruz.com\/index.php\/wp-json\/wp\/v2\/media?parent=77570"}],"wp:term":[{"taxonomy":"category","embeddable":true,"href":"https:\/\/noticiasveracruz.com\/index.php\/wp-json\/wp\/v2\/categories?post=77570"},{"taxonomy":"post_tag","embeddable":true,"href":"https:\/\/noticiasveracruz.com\/index.php\/wp-json\/wp\/v2\/tags?post=77570"}],"curies":[{"name":"wp","href":"https:\/\/api.w.org\/{rel}","templated":true}]}}