{"id":77567,"date":"2026-04-29T00:02:19","date_gmt":"2026-04-29T06:02:19","guid":{"rendered":"https:\/\/noticiasveracruz.com\/?p=77567"},"modified":"2026-04-28T22:45:46","modified_gmt":"2026-04-29T04:45:46","slug":"rocio-nahle-pone-a-veracruz-de-moda-en-el-tianguis-turistico","status":"publish","type":"post","link":"https:\/\/noticiasveracruz.com\/index.php\/2026\/04\/29\/rocio-nahle-pone-a-veracruz-de-moda-en-el-tianguis-turistico\/","title":{"rendered":"Roc\u00edo Nahle pone a Veracruz de moda en el Tianguis Tur\u00edstico"},"content":{"rendered":"<p>En el marco de la inauguraci\u00f3n de la 50 edici\u00f3n del Tianguis Tur\u00edstico de M\u00e9xico, la gobernadora Roc\u00edo Nahle Garc\u00eda particip\u00f3 en la ceremonia inaugural y en el corte de list\u00f3n encabezado por la secretaria de Turismo del Gobierno de M\u00e9xico, Josefina Rodr\u00edguez Zamora, y la gobernadora de Guerrero, Evelyn Salgado Pineda, en el Centro de Convenciones Expo Mundo Imperial.<\/p>\n<p>&nbsp;<\/p>\n<p>Posteriormente, encabez\u00f3 la inauguraci\u00f3n del stand de Veracruz, acompa\u00f1ada por funcionaria federal y por los secretarios estatales del ramo, Igor Roj\u00ed L\u00f3pez y X\u00f3chitl Molina Gonz\u00e1lez, con quienes realiz\u00f3 un recorrido por el espacio.<\/p>\n<p>&nbsp;<\/p>\n<p>Considerado entre los m\u00e1s atractivos del Tianguis, se ubica junto al del estado anfitri\u00f3n y al de Colombia, pa\u00eds invitado, e incorpora una r\u00e9plica de la pir\u00e1mide del Taj\u00edn, adem\u00e1s de la presencia de La Parroquia, \u00edcono del sabor veracruzano.<\/p>\n<p>&nbsp;<\/p>\n<p>En el stand se presentan expresiones art\u00edsticas a cargo del Ballet Folkl\u00f3rico de la Universidad Veracruzana, la agrupaci\u00f3n Zenzontle de la Secretar\u00eda de Educaci\u00f3n de Veracruz, bailarines de salsa y danzantes tradicionales de Guaguas, con interpretaciones de son jarocho y otros ritmos representativos del estado.<\/p>\n<p>&nbsp;<\/p>\n<p>El Tianguis Tur\u00edstico es uno de los eventos m\u00e1s relevantes del sector en el pa\u00eds; re\u00fane a los 32 estados y a representantes de m\u00e1s de 100 pa\u00edses, entre ellos Estados Unidos, Canad\u00e1, Colombia, Reino Unido, China y Jap\u00f3n, lo que ampl\u00eda las oportunidades de promoci\u00f3n y posicionamiento internacional.<\/p>\n<p>&nbsp;<\/p>\n<p>En este contexto, la Mandataria destac\u00f3 la participaci\u00f3n de Veracruz con una estrategia centrada en el turismo comunitario como eje de desarrollo social y econ\u00f3mico, con experiencias en la Sierra de Zongolica y en las regiones Totonaca y Huasteca, donde se impulsa la participaci\u00f3n directa de las comunidades.<\/p>\n<p>&nbsp;<\/p>\n<p>Durante estos cuatro d\u00edas, las secretar\u00edas de Turismo y Cultura promover\u00e1n la diversidad de la entidad con una agenda orientada a fortalecer su presencia en los mercados. \u201cVamos a poner a Veracruz en el lugar que se merece, y estamos avanzando en ese prop\u00f3sito\u201d, afirm\u00f3.<\/p>\n","protected":false},"excerpt":{"rendered":"<p>En el marco de la inauguraci\u00f3n de la 50 edici\u00f3n del Tianguis Tur\u00edstico de M\u00e9xico, la gobernadora Roc\u00edo Nahle Garc\u00eda<\/p>\n","protected":false},"author":4,"featured_media":77568,"comment_status":"closed","ping_status":"closed","sticky":false,"template":"","format":"standard","meta":{"colormag_page_container_layout":"default_layout","colormag_page_sidebar_layout":"default_layout","_jetpack_memberships_contains_paid_content":false,"footnotes":"","jetpack_publicize_message":"","jetpack_publicize_feature_enabled":true,"jetpack_social_post_already_shared":true,"jetpack_social_options":{"image_generator_settings":{"template":"highway","default_image_id":0,"font":"","enabled":false},"version":2}},"categories":[356],"tags":[],"class_list":["post-77567","post","type-post","status-publish","format-standard","has-post-thumbnail","hentry","category-veracruz"],"jetpack_publicize_connections":[],"jetpack_featured_media_url":"https:\/\/noticiasveracruz.com\/wp-content\/uploads\/2026\/04\/WhatsApp-Image-2026-04-27-at-20.31.18-1.jpeg","jetpack_sharing_enabled":true,"publishpress_future_action":{"enabled":false,"date":"2026-05-06 02:55:19","action":"change-status","newStatus":"draft","terms":[],"taxonomy":"category","extraData":[]},"publishpress_future_workflow_manual_trigger":{"enabledWorkflows":[]},"_links":{"self":[{"href":"https:\/\/noticiasveracruz.com\/index.php\/wp-json\/wp\/v2\/posts\/77567","targetHints":{"allow":["GET"]}}],"collection":[{"href":"https:\/\/noticiasveracruz.com\/index.php\/wp-json\/wp\/v2\/posts"}],"about":[{"href":"https:\/\/noticiasveracruz.com\/index.php\/wp-json\/wp\/v2\/types\/post"}],"author":[{"embeddable":true,"href":"https:\/\/noticiasveracruz.com\/index.php\/wp-json\/wp\/v2\/users\/4"}],"replies":[{"embeddable":true,"href":"https:\/\/noticiasveracruz.com\/index.php\/wp-json\/wp\/v2\/comments?post=77567"}],"version-history":[{"count":1,"href":"https:\/\/noticiasveracruz.com\/index.php\/wp-json\/wp\/v2\/posts\/77567\/revisions"}],"predecessor-version":[{"id":77569,"href":"https:\/\/noticiasveracruz.com\/index.php\/wp-json\/wp\/v2\/posts\/77567\/revisions\/77569"}],"wp:featuredmedia":[{"embeddable":true,"href":"https:\/\/noticiasveracruz.com\/index.php\/wp-json\/wp\/v2\/media\/77568"}],"wp:attachment":[{"href":"https:\/\/noticiasveracruz.com\/index.php\/wp-json\/wp\/v2\/media?parent=77567"}],"wp:term":[{"taxonomy":"category","embeddable":true,"href":"https:\/\/noticiasveracruz.com\/index.php\/wp-json\/wp\/v2\/categories?post=77567"},{"taxonomy":"post_tag","embeddable":true,"href":"https:\/\/noticiasveracruz.com\/index.php\/wp-json\/wp\/v2\/tags?post=77567"}],"curies":[{"name":"wp","href":"https:\/\/api.w.org\/{rel}","templated":true}]}}