{"id":77564,"date":"2026-04-29T00:01:21","date_gmt":"2026-04-29T06:01:21","guid":{"rendered":"https:\/\/noticiasveracruz.com\/?p=77564"},"modified":"2026-04-28T22:44:49","modified_gmt":"2026-04-29T04:44:49","slug":"sev-entrega-titulos-de-propiedad-a-54-escuelas-destacan-planteles-con-94-anos","status":"publish","type":"post","link":"https:\/\/noticiasveracruz.com\/index.php\/2026\/04\/29\/sev-entrega-titulos-de-propiedad-a-54-escuelas-destacan-planteles-con-94-anos\/","title":{"rendered":"SEV entrega t\u00edtulos de propiedad a 54 escuelas; destacan planteles con 94 a\u00f1os"},"content":{"rendered":"<p>Planteles con hasta 94 a\u00f1os de antig\u00fcedad, como la Secundaria Oficial A Lic. Marco Antonio Mu\u00f1oz T. y el Bachillerato Oficial de Alvarado, recibieron sus documentos de propiedad por parte de la Secretar\u00eda de Educaci\u00f3n de Veracruz (SEV), como parte del programa Patrimonio Seguro, Educaci\u00f3n con Futuro.<\/p>\n<p>&nbsp;<\/p>\n<p>En total, 54 escuelas de educaci\u00f3n b\u00e1sica y media superior fueron beneficiadas con la regularizaci\u00f3n de sus predios, lo que les permitir\u00e1 contar con certeza jur\u00eddica y acceder a programas de infraestructura de los tres \u00f3rdenes de gobierno.<\/p>\n<p>&nbsp;<\/p>\n<p>Adem\u00e1s de los centros educativos de Alvarado, se incluyeron escuelas con d\u00e9cadas de servicio, como la primaria General Vicente Guerrero, de Coatzacoalcos (90 a\u00f1os); Francisco Javier Clavijero y Profr. Benito Fentanes, de Cosamaloapan (75 y 70 a\u00f1os); Josefa Ortiz de Dom\u00ednguez, de Vega de Alatorre (70 a\u00f1os), y Miguel Hidalgo y Costilla, de Coscomatepec (66 a\u00f1os).<\/p>\n<p>&nbsp;<\/p>\n<p>Los planteles beneficiados pertenecen a los municipios de Alvarado, Coatzacoalcos, Cosamaloapan, Vega de Alatorre, Coscomatepec, Altotonga, Atlahuilco, Boca del R\u00edo, Emiliano Zapata, Mart\u00ednez de la Torre, Medell\u00edn, Papantla, San Andr\u00e9s Tuxtla, San Rafael, Tehuipango y Tuxpan.<\/p>\n<p>&nbsp;<\/p>\n<p>La titular de la SEV, Claudia Tello Espinosa, acompa\u00f1ada del director Jur\u00eddico, Jos\u00e9 Manuel Villase\u00f1or Campos, destac\u00f3 que este proceso representa un avance significativo para fortalecer las condiciones educativas, al facilitar la gesti\u00f3n de recursos destinados a la rehabilitaci\u00f3n, ampliaci\u00f3n y equipamiento de los planteles.<\/p>\n<p>&nbsp;<\/p>\n<p>La regularizaci\u00f3n se realiza en coordinaci\u00f3n con ayuntamientos, el Registro P\u00fablico de la Propiedad y notar\u00edas p\u00fablicas, a fin de garantizar la legalidad de los inmuebles escolares.<\/p>\n<p>&nbsp;<\/p>\n<p>Asistieron los presidentes de la Comisi\u00f3n de Educaci\u00f3n y Cultura del Congreso del Estado, diputado Jos\u00e9 Reveriano Mar\u00edn Hern\u00e1ndez, y de la Comisi\u00f3n para la Atenci\u00f3n y Seguimiento de la Regularizaci\u00f3n y Situaci\u00f3n Jur\u00eddica de los Predios Escolares, diputada Valeria M\u00e9ndez Moctezuma.<\/p>\n<p>&nbsp;<\/p>\n","protected":false},"excerpt":{"rendered":"<p>Planteles con hasta 94 a\u00f1os de antig\u00fcedad, como la Secundaria Oficial A Lic. Marco Antonio Mu\u00f1oz T. y el Bachillerato<\/p>\n","protected":false},"author":4,"featured_media":77565,"comment_status":"closed","ping_status":"closed","sticky":false,"template":"","format":"standard","meta":{"colormag_page_container_layout":"default_layout","colormag_page_sidebar_layout":"default_layout","_jetpack_memberships_contains_paid_content":false,"footnotes":"","jetpack_publicize_message":"","jetpack_publicize_feature_enabled":true,"jetpack_social_post_already_shared":true,"jetpack_social_options":{"image_generator_settings":{"template":"highway","default_image_id":0,"font":"","enabled":false},"version":2}},"categories":[356],"tags":[],"class_list":["post-77564","post","type-post","status-publish","format-standard","has-post-thumbnail","hentry","category-veracruz"],"jetpack_publicize_connections":[],"jetpack_featured_media_url":"https:\/\/noticiasveracruz.com\/wp-content\/uploads\/2026\/04\/WhatsApp-Image-2026-04-28-at-21.04.14.jpeg","jetpack_sharing_enabled":true,"publishpress_future_action":{"enabled":false,"date":"2026-05-06 03:33:26","action":"change-status","newStatus":"draft","terms":[],"taxonomy":"category","extraData":[]},"publishpress_future_workflow_manual_trigger":{"enabledWorkflows":[]},"_links":{"self":[{"href":"https:\/\/noticiasveracruz.com\/index.php\/wp-json\/wp\/v2\/posts\/77564","targetHints":{"allow":["GET"]}}],"collection":[{"href":"https:\/\/noticiasveracruz.com\/index.php\/wp-json\/wp\/v2\/posts"}],"about":[{"href":"https:\/\/noticiasveracruz.com\/index.php\/wp-json\/wp\/v2\/types\/post"}],"author":[{"embeddable":true,"href":"https:\/\/noticiasveracruz.com\/index.php\/wp-json\/wp\/v2\/users\/4"}],"replies":[{"embeddable":true,"href":"https:\/\/noticiasveracruz.com\/index.php\/wp-json\/wp\/v2\/comments?post=77564"}],"version-history":[{"count":1,"href":"https:\/\/noticiasveracruz.com\/index.php\/wp-json\/wp\/v2\/posts\/77564\/revisions"}],"predecessor-version":[{"id":77566,"href":"https:\/\/noticiasveracruz.com\/index.php\/wp-json\/wp\/v2\/posts\/77564\/revisions\/77566"}],"wp:featuredmedia":[{"embeddable":true,"href":"https:\/\/noticiasveracruz.com\/index.php\/wp-json\/wp\/v2\/media\/77565"}],"wp:attachment":[{"href":"https:\/\/noticiasveracruz.com\/index.php\/wp-json\/wp\/v2\/media?parent=77564"}],"wp:term":[{"taxonomy":"category","embeddable":true,"href":"https:\/\/noticiasveracruz.com\/index.php\/wp-json\/wp\/v2\/categories?post=77564"},{"taxonomy":"post_tag","embeddable":true,"href":"https:\/\/noticiasveracruz.com\/index.php\/wp-json\/wp\/v2\/tags?post=77564"}],"curies":[{"name":"wp","href":"https:\/\/api.w.org\/{rel}","templated":true}]}}