{"id":77549,"date":"2026-04-28T00:16:14","date_gmt":"2026-04-28T06:16:14","guid":{"rendered":"https:\/\/noticiasveracruz.com\/?p=77549"},"modified":"2026-04-27T18:50:58","modified_gmt":"2026-04-28T00:50:58","slug":"derrame-en-complejo-cantarell-golpea-pesca-en-campeche-acusan-riberenos","status":"publish","type":"post","link":"https:\/\/noticiasveracruz.com\/index.php\/2026\/04\/28\/derrame-en-complejo-cantarell-golpea-pesca-en-campeche-acusan-riberenos\/","title":{"rendered":"Derrame en Complejo Cantarell golpea pesca en Campeche, acusan ribere\u00f1os"},"content":{"rendered":"<p class=\"nota-justify\" data-start=\"20\" data-end=\"438\">Pescadores ribere\u00f1os del estado de Campeche denunciaron que el derrame de hidrocarburos que proviene del Complejo Cantarell y que afecta al Golfo de M\u00e9xico ha contaminado la zona y provoc\u00f3 un severo desplome en los vol\u00famenes de captura.<\/p>\n<p class=\"nota-justify\" data-start=\"440\" data-end=\"1158\">Encabezados por el dirigente de los pescadores del Muelle de San Rom\u00e1n, Jos\u00e9 del Carmen Huicab Fern\u00e1ndez, los l\u00edderes pesqueros de Campeche, Lerma, Seybaplaya, Villa Madero, Champot\u00f3n, Sabancuy e Isla Arena aseguraron que todo el litoral campechano ha tenido cambios en la calidad del agua y un desplome severo en la actividad pesquera, lo que ha impactado tanto en su fuente de ingresos como en el equilibrio ambiental, al poner en riesgo especies marinas y ecosistemas clave de la regi\u00f3n.<\/p>\n<p class=\"nota-justify\" data-start=\"1160\" data-end=\"1427\">Los afectados, que dijeron representar a m\u00e1s de 5 mil pescadores de toda la entidad, exhortaron a las autoridades ambientales y a Petr\u00f3leos Mexicanos para que realicen inspecciones inmediatas e implementen acciones de contenci\u00f3n y remediaci\u00f3n.<\/p>\n<p class=\"nota-justify\" data-start=\"1429\" data-end=\"1827\">Lamentaron que el programa de apoyo a los pescadores afectados por los derrames de hidrocarburos solo contemple a los estados de Veracruz, Tabasco y Yucat\u00e1n, y no incluya a Campeche, a pesar de que los da\u00f1os se resienten en todo el Golfo de M\u00e9xico.<\/p>\n<p class=\"nota-justify\" data-start=\"1829\" data-end=\"2094\">Denunciaron que el fondo marino del golfo est\u00e1 contaminado con lodo y esto ha alejado a las especies marinas de las habituales zonas de pesca. Adem\u00e1s, carecen de equipos de protecci\u00f3n, por lo que no pueden alejarse de las costas, lo que agrava a\u00fan m\u00e1s su situaci\u00f3n.<\/p>\n<p class=\"nota-justify\" data-start=\"2096\" data-end=\"2311\">Pese a los acuerdos con Petr\u00f3leos Mexicanos respecto al apoyo de subsidio de gasolina, el monto se ha ido reduciendo y, en muchos casos, les cancelaron sus tarjetas para poder cargar combustible.<\/p>\n<p class=\"nota-justify\" data-start=\"2313\" data-end=\"2655\">Reiteraron que desde la d\u00e9cada de los setenta, con el inicio de la explotaci\u00f3n petrolera en la Sonda de Campeche, la actividad pesquera ha ido en declive, sin que las autoridades hayan indemnizado a miles de familias que dependen de esta actividad. La industria camaronera, por ejemplo, se encuentra en franca extinci\u00f3n.<\/p>\n<p class=\"nota-justify\" data-start=\"2657\" data-end=\"3019\">Los recientes derrames de hidrocarburos en el Complejo Cantarell afectan a todos y no es justo que a los pescadores ribere\u00f1os de Campeche se les excluya bajo el argumento de que sus equipos no fueron da\u00f1ados, por lo que pidieron a la presidenta Claudia Sheinbaum Pardo que atienda sus demandas.<\/p>\n","protected":false},"excerpt":{"rendered":"<p>Pescadores ribere\u00f1os del estado de Campeche denunciaron que el derrame de hidrocarburos que proviene del Complejo Cantarell y que afecta<\/p>\n","protected":false},"author":4,"featured_media":77550,"comment_status":"closed","ping_status":"closed","sticky":false,"template":"","format":"standard","meta":{"colormag_page_container_layout":"default_layout","colormag_page_sidebar_layout":"default_layout","_jetpack_memberships_contains_paid_content":false,"footnotes":"","jetpack_publicize_message":"","jetpack_publicize_feature_enabled":true,"jetpack_social_post_already_shared":true,"jetpack_social_options":{"image_generator_settings":{"template":"highway","default_image_id":0,"font":"","enabled":false},"version":2}},"categories":[145],"tags":[],"class_list":["post-77549","post","type-post","status-publish","format-standard","has-post-thumbnail","hentry","category-estados"],"jetpack_publicize_connections":[],"jetpack_featured_media_url":"https:\/\/noticiasveracruz.com\/wp-content\/uploads\/2026\/04\/DERRA.webp","jetpack_sharing_enabled":true,"publishpress_future_action":{"enabled":false,"date":"2026-05-05 03:12:02","action":"change-status","newStatus":"draft","terms":[],"taxonomy":"category","extraData":[]},"publishpress_future_workflow_manual_trigger":{"enabledWorkflows":[]},"_links":{"self":[{"href":"https:\/\/noticiasveracruz.com\/index.php\/wp-json\/wp\/v2\/posts\/77549","targetHints":{"allow":["GET"]}}],"collection":[{"href":"https:\/\/noticiasveracruz.com\/index.php\/wp-json\/wp\/v2\/posts"}],"about":[{"href":"https:\/\/noticiasveracruz.com\/index.php\/wp-json\/wp\/v2\/types\/post"}],"author":[{"embeddable":true,"href":"https:\/\/noticiasveracruz.com\/index.php\/wp-json\/wp\/v2\/users\/4"}],"replies":[{"embeddable":true,"href":"https:\/\/noticiasveracruz.com\/index.php\/wp-json\/wp\/v2\/comments?post=77549"}],"version-history":[{"count":1,"href":"https:\/\/noticiasveracruz.com\/index.php\/wp-json\/wp\/v2\/posts\/77549\/revisions"}],"predecessor-version":[{"id":77551,"href":"https:\/\/noticiasveracruz.com\/index.php\/wp-json\/wp\/v2\/posts\/77549\/revisions\/77551"}],"wp:featuredmedia":[{"embeddable":true,"href":"https:\/\/noticiasveracruz.com\/index.php\/wp-json\/wp\/v2\/media\/77550"}],"wp:attachment":[{"href":"https:\/\/noticiasveracruz.com\/index.php\/wp-json\/wp\/v2\/media?parent=77549"}],"wp:term":[{"taxonomy":"category","embeddable":true,"href":"https:\/\/noticiasveracruz.com\/index.php\/wp-json\/wp\/v2\/categories?post=77549"},{"taxonomy":"post_tag","embeddable":true,"href":"https:\/\/noticiasveracruz.com\/index.php\/wp-json\/wp\/v2\/tags?post=77549"}],"curies":[{"name":"wp","href":"https:\/\/api.w.org\/{rel}","templated":true}]}}