{"id":77534,"date":"2026-04-28T00:11:27","date_gmt":"2026-04-28T06:11:27","guid":{"rendered":"https:\/\/noticiasveracruz.com\/?p=77534"},"modified":"2026-04-27T18:43:12","modified_gmt":"2026-04-28T00:43:12","slug":"canada-crea-su-primer-fondo-soberano-por-18-mil-mdd","status":"publish","type":"post","link":"https:\/\/noticiasveracruz.com\/index.php\/2026\/04\/28\/canada-crea-su-primer-fondo-soberano-por-18-mil-mdd\/","title":{"rendered":"Canad\u00e1 crea su primer fondo soberano por 18 mil mdd"},"content":{"rendered":"<p class=\"nota-justify\">El primer ministro canadiense, Mark Carney, anunci\u00f3 el lunes la creaci\u00f3n del primer fondo soberano de Canad\u00e1, que comenzar\u00e1 con una dotaci\u00f3n de 25 mil millones de d\u00f3lares canadienses (unos 18 mil 300 millones de d\u00f3lares estadounidenses).<\/p>\n<p class=\"nota-justify\">El objetivo, dijo, es fortalecer la econom\u00eda del pa\u00eds en medio de un orden mundial \u00aben decadencia\u00bb.<\/p>\n<p class=\"nota-justify\">El fondo incluir\u00e1 inversiones tanto p\u00fablicas como privadas y tendr\u00e1 como objetivo respaldar grandes proyectos que, seg\u00fan Carney, ser\u00e1n cruciales para reducir la dependencia econ\u00f3mica de Canad\u00e1 de Estados Unidos en las pr\u00f3ximas d\u00e9cadas.<\/p>\n<p class=\"nota-justify\">\u00abEstados Unidos ha cambiado. Est\u00e1n en su derecho y nosotros estamos respondiendo. Ese es nuestro imperativo\u00bb, dijo el primer ministro en Ottawa.<\/p>\n<p class=\"nota-justify\">Al lanzar el fondo, Carney mencion\u00f3 a Noruega -que al igual que Canad\u00e1 cuenta con vastos recursos naturales-, pero que desde hace varias d\u00e9cadas ha utilizado parte de sus ingresos energ\u00e9ticos para construir riqueza nacional a largo plazo y proteger al pa\u00eds de choques econ\u00f3micos globales.<\/p>\n<p class=\"nota-justify\">Carney se\u00f1al\u00f3 que el \u00abFondo Canad\u00e1 Fuerte\u00bb destinar\u00e1 capital a proyectos relacionados con energ\u00eda, minerales cr\u00edticos e infraestructura.<\/p>\n<p class=\"nota-justify\">Esta iniciativa marca su m\u00e1s reciente esfuerzo por profundizar la soberan\u00eda econ\u00f3mica de Canad\u00e1, mientras su gobierno se encamina a tensas negociaciones comerciales con la administraci\u00f3n del presidente Donald Trump.<\/p>\n<p class=\"nota-justify\">El actual acuerdo de libre comercio de Am\u00e9rica de Norte, T-MEC, ha mantenido libre de aranceles a m\u00e1s del 85% del comercio entre Estados Unidos y Canad\u00e1 desde el regreso de Trump a la presidencia, pero ser\u00e1 revisado este verano boreal.<\/p>\n<p class=\"nota-justify\">Estados Unidos quiere cambios importantes y el equipo comercial de Trump ha intensificado sus ataques personales hacia Carney, quien se ha convertido en una figura destacada de la cr\u00edtica al liderazgo global de Trump.<\/p>\n","protected":false},"excerpt":{"rendered":"<p>El primer ministro canadiense, Mark Carney, anunci\u00f3 el lunes la creaci\u00f3n del primer fondo soberano de Canad\u00e1, que comenzar\u00e1 con<\/p>\n","protected":false},"author":4,"featured_media":77535,"comment_status":"closed","ping_status":"closed","sticky":false,"template":"","format":"standard","meta":{"colormag_page_container_layout":"default_layout","colormag_page_sidebar_layout":"default_layout","_jetpack_memberships_contains_paid_content":false,"footnotes":"","jetpack_publicize_message":"","jetpack_publicize_feature_enabled":true,"jetpack_social_post_already_shared":true,"jetpack_social_options":{"image_generator_settings":{"template":"highway","default_image_id":0,"font":"","enabled":false},"version":2}},"categories":[1947],"tags":[],"class_list":["post-77534","post","type-post","status-publish","format-standard","has-post-thumbnail","hentry","category-economia"],"jetpack_publicize_connections":[],"jetpack_featured_media_url":"https:\/\/noticiasveracruz.com\/wp-content\/uploads\/2026\/04\/CABNA.webp","jetpack_sharing_enabled":true,"publishpress_future_action":{"enabled":false,"date":"2026-05-05 02:45:12","action":"change-status","newStatus":"draft","terms":[],"taxonomy":"category","extraData":[]},"publishpress_future_workflow_manual_trigger":{"enabledWorkflows":[]},"_links":{"self":[{"href":"https:\/\/noticiasveracruz.com\/index.php\/wp-json\/wp\/v2\/posts\/77534","targetHints":{"allow":["GET"]}}],"collection":[{"href":"https:\/\/noticiasveracruz.com\/index.php\/wp-json\/wp\/v2\/posts"}],"about":[{"href":"https:\/\/noticiasveracruz.com\/index.php\/wp-json\/wp\/v2\/types\/post"}],"author":[{"embeddable":true,"href":"https:\/\/noticiasveracruz.com\/index.php\/wp-json\/wp\/v2\/users\/4"}],"replies":[{"embeddable":true,"href":"https:\/\/noticiasveracruz.com\/index.php\/wp-json\/wp\/v2\/comments?post=77534"}],"version-history":[{"count":1,"href":"https:\/\/noticiasveracruz.com\/index.php\/wp-json\/wp\/v2\/posts\/77534\/revisions"}],"predecessor-version":[{"id":77536,"href":"https:\/\/noticiasveracruz.com\/index.php\/wp-json\/wp\/v2\/posts\/77534\/revisions\/77536"}],"wp:featuredmedia":[{"embeddable":true,"href":"https:\/\/noticiasveracruz.com\/index.php\/wp-json\/wp\/v2\/media\/77535"}],"wp:attachment":[{"href":"https:\/\/noticiasveracruz.com\/index.php\/wp-json\/wp\/v2\/media?parent=77534"}],"wp:term":[{"taxonomy":"category","embeddable":true,"href":"https:\/\/noticiasveracruz.com\/index.php\/wp-json\/wp\/v2\/categories?post=77534"},{"taxonomy":"post_tag","embeddable":true,"href":"https:\/\/noticiasveracruz.com\/index.php\/wp-json\/wp\/v2\/tags?post=77534"}],"curies":[{"name":"wp","href":"https:\/\/api.w.org\/{rel}","templated":true}]}}