{"id":77528,"date":"2026-04-28T00:09:16","date_gmt":"2026-04-28T06:09:16","guid":{"rendered":"https:\/\/noticiasveracruz.com\/?p=77528"},"modified":"2026-04-27T18:40:08","modified_gmt":"2026-04-28T00:40:08","slug":"grupo-mexico-fusionara-activos-energeticos-con-saavi","status":"publish","type":"post","link":"https:\/\/noticiasveracruz.com\/index.php\/2026\/04\/28\/grupo-mexico-fusionara-activos-energeticos-con-saavi\/","title":{"rendered":"Grupo M\u00e9xico fusionar\u00e1 activos energ\u00e9ticos con Saavi"},"content":{"rendered":"<p class=\"nota-justify\" data-start=\"20\" data-end=\"563\">Grupo M\u00e9xico, el conglomerado mexicano en los sectores de miner\u00eda, transporte e infraestructura, anunci\u00f3 que su Divisi\u00f3n de Infraestructura firm\u00f3 una alianza para fusionar sus activos de generaci\u00f3n de energ\u00eda con Saavi Energ\u00eda (\u201cSaavi\u201d), un generador privado en M\u00e9xico y una compa\u00f1\u00eda propiedad al 100 por ciento del portafolio de Global Infrastructure Partners, parte de BlackRock, seg\u00fan un comunicado enviado a la Bolsa Mexicana de Valores.<\/p>\n<p class=\"nota-justify\" data-start=\"565\" data-end=\"944\">La operaci\u00f3n se cerrar\u00e1 en el tercer trimestre de 2026, una vez que las empresas obtengan las autorizaciones regulatorias correspondientes. Saavi Energ\u00eda ser\u00e1 propiedad en un 70 por ciento de Grupo M\u00e9xico y en un 30 por ciento de Global Infrastructure Partners, parte de BlackRock.<\/p>\n<div id=\"article-content-tts\" class=\"nota-contenido mb-5\">\n<div id=\"content_nitf\">\n<p class=\"nota-justify\" data-start=\"946\" data-end=\"1306\">Con la operaci\u00f3n se crear\u00e1 una plataforma diversificada de generaci\u00f3n de energ\u00eda que contar\u00e1 con 14 centrales estrat\u00e9gicamente ubicadas en zonas de alta demanda en todo M\u00e9xico, con mayor escala, sinergias operativas y una potencia combinada reforzada de 4 mil 510 MW, adem\u00e1s de una cartera de proyectos de crecimiento de aproximadamente 5 mil MW.<\/p>\n<p class=\"nota-justify\" data-start=\"1308\" data-end=\"1787\">\u00abSaavi Energ\u00eda consolidar\u00e1 su posici\u00f3n de liderazgo como generador privado y reforzar\u00e1 su capacidad para satisfacer la creciente demanda de energ\u00eda en el pa\u00eds mediante la creaci\u00f3n de una cartera de generaci\u00f3n m\u00e1s s\u00f3lida, diversificada y resiliente, con capacidades mejoradas, capaz de ofrecer un crecimiento sostenible, optimizar operaciones y satisfacer las necesidades energ\u00e9ticas en constante evoluci\u00f3n de sus clientes\u00bb, se menciona en el comunicado.<\/p>\n<p class=\"nota-justify\" data-start=\"1789\" data-end=\"2093\">Grupo M\u00e9xico espera que esta alianza d\u00e9 lugar a una relaci\u00f3n comercial de largo plazo con Global Infrastructure Partners, lo que permitir\u00e1 a las partes explorar nuevas oportunidades de colaboraci\u00f3n en el sector infraestructura, tanto en M\u00e9xico como en el extranjero.<\/p>\n<\/div>\n<\/div>\n<div class=\"notas-relacionadas\"><\/div>\n<div class=\"nota-tags\"><\/div>\n","protected":false},"excerpt":{"rendered":"<p>Grupo M\u00e9xico, el conglomerado mexicano en los sectores de miner\u00eda, transporte e infraestructura, anunci\u00f3 que su Divisi\u00f3n de Infraestructura firm\u00f3<\/p>\n","protected":false},"author":4,"featured_media":77529,"comment_status":"closed","ping_status":"closed","sticky":false,"template":"","format":"standard","meta":{"colormag_page_container_layout":"default_layout","colormag_page_sidebar_layout":"default_layout","_jetpack_memberships_contains_paid_content":false,"footnotes":"","jetpack_publicize_message":"","jetpack_publicize_feature_enabled":true,"jetpack_social_post_already_shared":true,"jetpack_social_options":{"image_generator_settings":{"template":"highway","default_image_id":0,"font":"","enabled":false},"version":2}},"categories":[1947],"tags":[],"class_list":["post-77528","post","type-post","status-publish","format-standard","has-post-thumbnail","hentry","category-economia"],"jetpack_publicize_connections":[],"jetpack_featured_media_url":"https:\/\/noticiasveracruz.com\/wp-content\/uploads\/2026\/04\/MAEL.webp","jetpack_sharing_enabled":true,"publishpress_future_action":{"enabled":false,"date":"2026-05-05 02:45:12","action":"change-status","newStatus":"draft","terms":[],"taxonomy":"category","extraData":[]},"publishpress_future_workflow_manual_trigger":{"enabledWorkflows":[]},"_links":{"self":[{"href":"https:\/\/noticiasveracruz.com\/index.php\/wp-json\/wp\/v2\/posts\/77528","targetHints":{"allow":["GET"]}}],"collection":[{"href":"https:\/\/noticiasveracruz.com\/index.php\/wp-json\/wp\/v2\/posts"}],"about":[{"href":"https:\/\/noticiasveracruz.com\/index.php\/wp-json\/wp\/v2\/types\/post"}],"author":[{"embeddable":true,"href":"https:\/\/noticiasveracruz.com\/index.php\/wp-json\/wp\/v2\/users\/4"}],"replies":[{"embeddable":true,"href":"https:\/\/noticiasveracruz.com\/index.php\/wp-json\/wp\/v2\/comments?post=77528"}],"version-history":[{"count":1,"href":"https:\/\/noticiasveracruz.com\/index.php\/wp-json\/wp\/v2\/posts\/77528\/revisions"}],"predecessor-version":[{"id":77530,"href":"https:\/\/noticiasveracruz.com\/index.php\/wp-json\/wp\/v2\/posts\/77528\/revisions\/77530"}],"wp:featuredmedia":[{"embeddable":true,"href":"https:\/\/noticiasveracruz.com\/index.php\/wp-json\/wp\/v2\/media\/77529"}],"wp:attachment":[{"href":"https:\/\/noticiasveracruz.com\/index.php\/wp-json\/wp\/v2\/media?parent=77528"}],"wp:term":[{"taxonomy":"category","embeddable":true,"href":"https:\/\/noticiasveracruz.com\/index.php\/wp-json\/wp\/v2\/categories?post=77528"},{"taxonomy":"post_tag","embeddable":true,"href":"https:\/\/noticiasveracruz.com\/index.php\/wp-json\/wp\/v2\/tags?post=77528"}],"curies":[{"name":"wp","href":"https:\/\/api.w.org\/{rel}","templated":true}]}}