{"id":77513,"date":"2026-04-28T00:04:02","date_gmt":"2026-04-28T06:04:02","guid":{"rendered":"https:\/\/noticiasveracruz.com\/?p=77513"},"modified":"2026-04-27T18:25:26","modified_gmt":"2026-04-28T00:25:26","slug":"apuesta-xalapa-al-turismo-deportivo","status":"publish","type":"post","link":"https:\/\/noticiasveracruz.com\/index.php\/2026\/04\/28\/apuesta-xalapa-al-turismo-deportivo\/","title":{"rendered":"Apuesta Xalapa al turismo deportivo"},"content":{"rendered":"<p>El turismo deportivo se consolida como estrategia del Ayuntamiento para atraer visitantes y generar derrama econ\u00f3mica, con eventos como el Campeonato Panamericano de Pista Junior de Ciclismo, que se realizar\u00e1 del 4 al 9 de mayo en el Vel\u00f3dromo Internacional de Xalapa.<\/p>\n<p>El director de Turismo, Eduardo Rafael Blanco Guillaum\u00edn, destac\u00f3 que este tipo de actividades posicionan a Xalapa a nivel nacional e internacional, adem\u00e1s de fortalecer la econom\u00eda local.<\/p>\n<p>Se\u00f1al\u00f3 que, con el respaldo de la alcaldesa Daniela Griego Ceballos, en menos de cuatro meses se han realizado m\u00e1s de 15 eventos de turismo deportivo, lo que ha generado m\u00e1s de 4 mil noches de hotel.<\/p>\n<p>Ante representantes del Instituto Veracruzano del Deporte (IVD), el director de Cultura F\u00edsica, Rafael Herrera Moguel, afirm\u00f3 que la infraestructura deportiva del municipio permite albergar competencias de nivel internacional, consolidando a la ciudad como un referente en este \u00e1mbito.<\/p>\n<p>Por su parte, el presidente de la Asociaci\u00f3n de Ciclismo del Estado de Veracruz, V\u00edctor Hugo Arriaga S\u00e1mano, inform\u00f3 que el campeonato contar\u00e1 con la participaci\u00f3n de m\u00e1s de 100 ciclistas de 10 pa\u00edses, en la categor\u00eda 16-17 a\u00f1os.<\/p>\n<p>Indic\u00f3 que el evento ser\u00e1 una plataforma para proyectar a j\u00f3venes talentos de M\u00e9xico y Am\u00e9rica Latina, adem\u00e1s de servir como antesala para futuras competencias internacionales.<\/p>\n","protected":false},"excerpt":{"rendered":"<p>El turismo deportivo se consolida como estrategia del Ayuntamiento para atraer visitantes y generar derrama econ\u00f3mica, con eventos como el<\/p>\n","protected":false},"author":4,"featured_media":77514,"comment_status":"closed","ping_status":"closed","sticky":false,"template":"","format":"standard","meta":{"colormag_page_container_layout":"default_layout","colormag_page_sidebar_layout":"default_layout","_jetpack_memberships_contains_paid_content":false,"footnotes":"","jetpack_publicize_message":"","jetpack_publicize_feature_enabled":true,"jetpack_social_post_already_shared":true,"jetpack_social_options":{"image_generator_settings":{"template":"highway","default_image_id":0,"font":"","enabled":false},"version":2}},"categories":[356],"tags":[],"class_list":["post-77513","post","type-post","status-publish","format-standard","has-post-thumbnail","hentry","category-veracruz"],"jetpack_publicize_connections":[],"jetpack_featured_media_url":"https:\/\/noticiasveracruz.com\/wp-content\/uploads\/2026\/04\/TURXA.jpg","jetpack_sharing_enabled":true,"publishpress_future_action":{"enabled":false,"date":"2026-05-05 02:45:18","action":"change-status","newStatus":"draft","terms":[],"taxonomy":"category","extraData":[]},"publishpress_future_workflow_manual_trigger":{"enabledWorkflows":[]},"_links":{"self":[{"href":"https:\/\/noticiasveracruz.com\/index.php\/wp-json\/wp\/v2\/posts\/77513","targetHints":{"allow":["GET"]}}],"collection":[{"href":"https:\/\/noticiasveracruz.com\/index.php\/wp-json\/wp\/v2\/posts"}],"about":[{"href":"https:\/\/noticiasveracruz.com\/index.php\/wp-json\/wp\/v2\/types\/post"}],"author":[{"embeddable":true,"href":"https:\/\/noticiasveracruz.com\/index.php\/wp-json\/wp\/v2\/users\/4"}],"replies":[{"embeddable":true,"href":"https:\/\/noticiasveracruz.com\/index.php\/wp-json\/wp\/v2\/comments?post=77513"}],"version-history":[{"count":1,"href":"https:\/\/noticiasveracruz.com\/index.php\/wp-json\/wp\/v2\/posts\/77513\/revisions"}],"predecessor-version":[{"id":77515,"href":"https:\/\/noticiasveracruz.com\/index.php\/wp-json\/wp\/v2\/posts\/77513\/revisions\/77515"}],"wp:featuredmedia":[{"embeddable":true,"href":"https:\/\/noticiasveracruz.com\/index.php\/wp-json\/wp\/v2\/media\/77514"}],"wp:attachment":[{"href":"https:\/\/noticiasveracruz.com\/index.php\/wp-json\/wp\/v2\/media?parent=77513"}],"wp:term":[{"taxonomy":"category","embeddable":true,"href":"https:\/\/noticiasveracruz.com\/index.php\/wp-json\/wp\/v2\/categories?post=77513"},{"taxonomy":"post_tag","embeddable":true,"href":"https:\/\/noticiasveracruz.com\/index.php\/wp-json\/wp\/v2\/tags?post=77513"}],"curies":[{"name":"wp","href":"https:\/\/api.w.org\/{rel}","templated":true}]}}