{"id":7751,"date":"2022-09-05T09:31:16","date_gmt":"2022-09-05T14:31:16","guid":{"rendered":"https:\/\/noticiasveracruz.com\/?p=7751"},"modified":"2022-09-05T09:31:45","modified_gmt":"2022-09-05T14:31:45","slug":"liz-truss-es-la-nueva-primera-ministra-del-reino-unido","status":"publish","type":"post","link":"https:\/\/noticiasveracruz.com\/index.php\/2022\/09\/05\/liz-truss-es-la-nueva-primera-ministra-del-reino-unido\/","title":{"rendered":"Liz Truss es la nueva primera ministra del Reino Unido"},"content":{"rendered":"<p>&nbsp;<\/p>\n<p class=\"p1\"><span style=\"font-size: 14pt;\"><em><strong>LONDRES, INGLATERRA<span style=\"color: #333333;\">.<\/span><\/strong> <\/em><span style=\"color: #e42d33;\"><strong>Liz Truss\u00a0<\/strong><\/span>fue elegida como la nueva l\u00edder del Partido Conservador, anunci\u00f3 el partido este lunes y asumir\u00e1 el cargo el martes como nueva primera ministra de Gran Breta\u00f1a para guiar al pa\u00eds a trav\u00e9s de una aguda crisis del costo de vida.<\/span><\/p>\n<p class=\"p1\"><span style=\"font-size: 18pt;\"><strong><span style=\"color: #e42d33;\">Truss, de 47 a\u00f1os, quien actualmente es secretario de Relaciones Exteriores,<\/span> venci\u00f3 al exjefe del Tesoro, Rishi Sunak, despu\u00e9s de una competencia por el liderazgo en la que solo se permiti\u00f3 votar a unos 170,000 miembros del Partido Conservador que pagaban cuotas. Truss recibi\u00f3 81,326 votos, frente a los 60,399 de Sunak.<\/strong><\/span><\/p>\n<p class=\"p1\"><span style=\"font-size: 14pt;\">Se enfrenta a una presi\u00f3n inmediata para cumplir sus promesas de abordar la\u00a0crisis del costo de vida que\u00a0golpea al Reino Unido y una econom\u00eda que se dirige a una recesi\u00f3n potencialmente prolongada.<\/span><\/p>\n<p class=\"p1\"><span style=\"font-size: 18pt;\"><strong>La reina Isabel II tiene previsto nombrar formalmente a Truss como primer ministro de Gran Breta\u00f1a el martes.\u00a0La ceremonia tendr\u00e1 lugar en la propiedad de la reina en Balmoral en Escocia\u00a0, donde la monarca pasa el verano, en lugar del Palacio de Buckingham en Londres.<\/strong><\/span><\/p>\n<p>&nbsp;<\/p>\n<p><img loading=\"lazy\" decoding=\"async\" class=\"aligncenter wp-image-9786 size-large\" src=\"https:\/\/politicosaldesnudo.com.mx\/wp-content\/uploads\/2022\/09\/P-LIZ-TRUSS-3-1024x573.png\" alt=\"\" width=\"800\" height=\"448\" \/><\/p>\n<p>&nbsp;<\/p>\n<p class=\"p1\"><span style=\"font-size: 14pt;\">La contienda por el liderazgo de dos meses dej\u00f3 a Gran Breta\u00f1a con un vac\u00edo de poder en un momento de creciente descontento en todo el pa\u00eds en medio de una espiral de costos de energ\u00eda y alimentos.\u00a0El primer ministro Boris Johnson no ha tomado decisiones pol\u00edticas importantes\u00a0desde que anunci\u00f3 que dejar\u00eda\u00a0el cargo el 7 de julio, y los funcionarios insistieron en que las medidas para abordar la crisis del costo de la energ\u00eda se aplazar\u00edan hasta que su sucesor est\u00e9 en el cargo.<\/span><\/p>\n<p class=\"p1\"><span style=\"font-size: 18pt;\"><strong>Mientras tanto, decenas de miles de trabajadores se declararon en huelga para exigir mejores salarios para mantenerse al d\u00eda con los costos en constante aumento.<span style=\"color: #e42d33;\">\u00a0La inflaci\u00f3n est\u00e1 por encima del 10%\u00a0por primera vez desde la d\u00e9cada de 1980, y el Banco de Inglaterra ha pronosticado que alcanzar\u00e1 un m\u00e1ximo de 42 a\u00f1os del 13,3% en octubre.\u00a0<\/span>Eso se debe en gran medida al aumento de las facturas de energ\u00eda, que aumentar\u00e1n un 80 % para el hogar promedio a partir del pr\u00f3ximo mes.<\/strong><\/span><\/p>\n<p class=\"p1\"><span style=\"font-size: 14pt;\">\u201cEntregar\u00e9 un plan audaz para reducir los impuestos y hacer crecer nuestra econom\u00eda.\u00a0Cumplir\u00e9 con la crisis energ\u00e9tica, lidiando con las facturas de energ\u00eda de las personas, pero tambi\u00e9n con los problemas a largo plazo que tenemos sobre el suministro de energ\u00eda\u201d, dijo Truss a los miembros del partido despu\u00e9s de ser elegida.<\/span><\/p>\n<p class=\"p1\"><span style=\"font-size: 14pt;\">\u201cS\u00e9 que nuestras creencias resuenan con el pueblo brit\u00e1nico: nuestras creencias en la libertad, en la capacidad de controlar tu propia vida, en los impuestos bajos, en la responsabilidad personal\u201d, agreg\u00f3.\u00a0\u201cS\u00e9 que es por eso que la gente vot\u00f3 por nosotros en tal cantidad en 2019 y, como l\u00edder de su partido, tengo la intenci\u00f3n de cumplir lo que prometimos a esos votantes en todo nuestro gran pa\u00eds\u201d.<\/span><\/p>\n<p class=\"p1\"><span style=\"font-size: 18pt;\"><strong>Truss se ha ganado el apoyo de muchos conservadores con su entusiasmo por hacer retroceder la intervenci\u00f3n estatal y recortar los impuestos.\u00a0Tanto ella como su rival Sunak han hablado de su admiraci\u00f3n por Margaret Thatcher, quien fue primera ministra de 1979 a 1990, y su econom\u00eda de libre mercado y gobierno peque\u00f1o.<\/strong><\/span><\/p>\n<p class=\"p1\"><span style=\"font-size: 14pt;\">Pero no est\u00e1 claro c\u00f3mo el conservadurismo derechista de Truss, que funcion\u00f3 tan bien con los miembros del partido, que representan mucho menos del 1% de la poblaci\u00f3n adulta del Reino Unido, afectar\u00e1 al p\u00fablico brit\u00e1nico en general, especialmente a los que m\u00e1s necesitan del gobierno. alivio para pagar art\u00edculos esenciales como calentar sus hogares este invierno.<\/span><\/p>\n<p class=\"p1\"><span style=\"font-size: 14pt;\">Truss prometi\u00f3 actuar \u00abinmediatamente\u00bb para hacer frente a las crecientes facturas de energ\u00eda, pero se neg\u00f3 a dar detalles hasta el momento.<\/span><\/p>\n<p class=\"p1\"><span style=\"font-size: 18pt; color: #e42d33;\"><strong>Adem\u00e1s ser\u00e1 el cuarto primer ministro conservador del Reino Unido en seis a\u00f1os y entrar\u00e1 en Downing Street despu\u00e9s de Johnson, Theresa May y David Cameron.<\/strong><\/span><\/p>\n<p>&nbsp;<\/p>\n<p>&nbsp;<\/p>\n<p>&nbsp;<\/p>\n","protected":false},"excerpt":{"rendered":"<p>&nbsp; LONDRES, INGLATERRA. Liz Truss\u00a0fue elegida como la nueva l\u00edder del Partido Conservador, anunci\u00f3 el partido este lunes y asumir\u00e1<\/p>\n","protected":false},"author":4,"featured_media":7753,"comment_status":"closed","ping_status":"closed","sticky":false,"template":"","format":"standard","meta":{"colormag_page_container_layout":"default_layout","colormag_page_sidebar_layout":"default_layout","_jetpack_memberships_contains_paid_content":false,"footnotes":"","jetpack_publicize_message":"","jetpack_publicize_feature_enabled":true,"jetpack_social_post_already_shared":false,"jetpack_social_options":{"image_generator_settings":{"template":"highway","default_image_id":0,"font":"","enabled":false},"version":2}},"categories":[355],"tags":[563,1336,1337],"class_list":["post-7751","post","type-post","status-publish","format-standard","has-post-thumbnail","hentry","category-internacional","tag-inglaterra","tag-liz-truss","tag-primera-ministra"],"jetpack_publicize_connections":[],"jetpack_featured_media_url":"https:\/\/noticiasveracruz.com\/wp-content\/uploads\/2022\/09\/P-LIZ-TRUSS-2.png","jetpack_sharing_enabled":true,"publishpress_future_action":{"enabled":false,"date":"2026-05-04 18:48:23","action":"change-status","newStatus":"draft","terms":[],"taxonomy":"category","extraData":[]},"publishpress_future_workflow_manual_trigger":{"enabledWorkflows":[]},"_links":{"self":[{"href":"https:\/\/noticiasveracruz.com\/index.php\/wp-json\/wp\/v2\/posts\/7751","targetHints":{"allow":["GET"]}}],"collection":[{"href":"https:\/\/noticiasveracruz.com\/index.php\/wp-json\/wp\/v2\/posts"}],"about":[{"href":"https:\/\/noticiasveracruz.com\/index.php\/wp-json\/wp\/v2\/types\/post"}],"author":[{"embeddable":true,"href":"https:\/\/noticiasveracruz.com\/index.php\/wp-json\/wp\/v2\/users\/4"}],"replies":[{"embeddable":true,"href":"https:\/\/noticiasveracruz.com\/index.php\/wp-json\/wp\/v2\/comments?post=7751"}],"version-history":[{"count":0,"href":"https:\/\/noticiasveracruz.com\/index.php\/wp-json\/wp\/v2\/posts\/7751\/revisions"}],"wp:featuredmedia":[{"embeddable":true,"href":"https:\/\/noticiasveracruz.com\/index.php\/wp-json\/wp\/v2\/media\/7753"}],"wp:attachment":[{"href":"https:\/\/noticiasveracruz.com\/index.php\/wp-json\/wp\/v2\/media?parent=7751"}],"wp:term":[{"taxonomy":"category","embeddable":true,"href":"https:\/\/noticiasveracruz.com\/index.php\/wp-json\/wp\/v2\/categories?post=7751"},{"taxonomy":"post_tag","embeddable":true,"href":"https:\/\/noticiasveracruz.com\/index.php\/wp-json\/wp\/v2\/tags?post=7751"}],"curies":[{"name":"wp","href":"https:\/\/api.w.org\/{rel}","templated":true}]}}