{"id":77507,"date":"2026-04-28T00:02:29","date_gmt":"2026-04-28T06:02:29","guid":{"rendered":"https:\/\/noticiasveracruz.com\/?p=77507"},"modified":"2026-04-27T18:23:55","modified_gmt":"2026-04-28T00:23:55","slug":"veracruz-destaca-en-ventana-a-mexico","status":"publish","type":"post","link":"https:\/\/noticiasveracruz.com\/index.php\/2026\/04\/28\/veracruz-destaca-en-ventana-a-mexico\/","title":{"rendered":"Veracruz destaca en Ventana a M\u00e9xico"},"content":{"rendered":"<p>El Gobierno del Estado, a trav\u00e9s de la Secretar\u00eda de Cultura de Veracruz, concluy\u00f3 su participaci\u00f3n en el encuentro Ventana a M\u00e9xico, realizado en la Plaza Quebec, en Acapulco, Guerrero, donde comparti\u00f3 con el p\u00fablico una muestra representativa de su riqueza cultural, art\u00edstica y gastron\u00f3mica.<\/p>\n<p>Durante la jornada de cierre, Veracruz cautiv\u00f3 a las y los asistentes con los sabores tradicionales de Papantla, de la mano de Jaqueline N\u00fa\u00f1ez y Luis Gonz\u00e1lez, quienes ofrecieron bocoles, tamales y bebidas refrescantes con el distintivo toque de la vainilla, s\u00edmbolo de identidad de la regi\u00f3n.<\/p>\n<p>El p\u00fablico tambi\u00e9n disfrut\u00f3 de la calidez y alegr\u00eda de las y los veracruzanos. En el espacio, artesanas y artesanos ofrecieron una amplia variedad de productos, como textiles, m\u00e1scaras talladas en madera y sombreros tejidos de Tancoco, entre otras piezas que reflejan el talento y la tradici\u00f3n del estado.<\/p>\n<p>La m\u00fasica y el ambiente festivo estuvieron presentes con el son jarocho, que dio vida a este escaparate cultural y propici\u00f3 un ambiente de encuentro y celebraci\u00f3n entre visitantes nacionales e internacionales.<\/p>\n<p>Esta participaci\u00f3n permiti\u00f3 a Veracruz seguir difundiendo su patrimonio cultural vivo y ampliar su presencia en espacios tur\u00edsticos y culturales.<\/p>\n<p>A partir de este lunes y hasta el 30 de abril, la entidad continuar\u00e1 su presencia en el Tianguis Tur\u00edstico 2026, donde seguir\u00e1 compartiendo expresiones representativas de su cultura, arte y gastronom\u00eda.<\/p>\n<p>Sigue las redes sociales de @SECVERoficial para conocer todas las actividades y descubre por qu\u00e9 Veracruz est\u00e1 de moda.<\/p>\n","protected":false},"excerpt":{"rendered":"<p>El Gobierno del Estado, a trav\u00e9s de la Secretar\u00eda de Cultura de Veracruz, concluy\u00f3 su participaci\u00f3n en el encuentro Ventana<\/p>\n","protected":false},"author":4,"featured_media":77508,"comment_status":"closed","ping_status":"closed","sticky":false,"template":"","format":"standard","meta":{"colormag_page_container_layout":"default_layout","colormag_page_sidebar_layout":"default_layout","_jetpack_memberships_contains_paid_content":false,"footnotes":"","jetpack_publicize_message":"","jetpack_publicize_feature_enabled":true,"jetpack_social_post_already_shared":true,"jetpack_social_options":{"image_generator_settings":{"template":"highway","default_image_id":0,"font":"","enabled":false},"version":2}},"categories":[356],"tags":[],"class_list":["post-77507","post","type-post","status-publish","format-standard","has-post-thumbnail","hentry","category-veracruz"],"jetpack_publicize_connections":[],"jetpack_featured_media_url":"https:\/\/noticiasveracruz.com\/wp-content\/uploads\/2026\/04\/REPE.jpg","jetpack_sharing_enabled":true,"publishpress_future_action":{"enabled":false,"date":"2026-05-05 02:46:31","action":"change-status","newStatus":"draft","terms":[],"taxonomy":"category","extraData":[]},"publishpress_future_workflow_manual_trigger":{"enabledWorkflows":[]},"_links":{"self":[{"href":"https:\/\/noticiasveracruz.com\/index.php\/wp-json\/wp\/v2\/posts\/77507","targetHints":{"allow":["GET"]}}],"collection":[{"href":"https:\/\/noticiasveracruz.com\/index.php\/wp-json\/wp\/v2\/posts"}],"about":[{"href":"https:\/\/noticiasveracruz.com\/index.php\/wp-json\/wp\/v2\/types\/post"}],"author":[{"embeddable":true,"href":"https:\/\/noticiasveracruz.com\/index.php\/wp-json\/wp\/v2\/users\/4"}],"replies":[{"embeddable":true,"href":"https:\/\/noticiasveracruz.com\/index.php\/wp-json\/wp\/v2\/comments?post=77507"}],"version-history":[{"count":1,"href":"https:\/\/noticiasveracruz.com\/index.php\/wp-json\/wp\/v2\/posts\/77507\/revisions"}],"predecessor-version":[{"id":77509,"href":"https:\/\/noticiasveracruz.com\/index.php\/wp-json\/wp\/v2\/posts\/77507\/revisions\/77509"}],"wp:featuredmedia":[{"embeddable":true,"href":"https:\/\/noticiasveracruz.com\/index.php\/wp-json\/wp\/v2\/media\/77508"}],"wp:attachment":[{"href":"https:\/\/noticiasveracruz.com\/index.php\/wp-json\/wp\/v2\/media?parent=77507"}],"wp:term":[{"taxonomy":"category","embeddable":true,"href":"https:\/\/noticiasveracruz.com\/index.php\/wp-json\/wp\/v2\/categories?post=77507"},{"taxonomy":"post_tag","embeddable":true,"href":"https:\/\/noticiasveracruz.com\/index.php\/wp-json\/wp\/v2\/tags?post=77507"}],"curies":[{"name":"wp","href":"https:\/\/api.w.org\/{rel}","templated":true}]}}