{"id":77504,"date":"2026-04-28T00:01:04","date_gmt":"2026-04-28T06:01:04","guid":{"rendered":"https:\/\/noticiasveracruz.com\/?p=77504"},"modified":"2026-04-27T18:22:25","modified_gmt":"2026-04-28T00:22:25","slug":"descartan-a-marc-anthony-en-el-salsa-fest-veracruz","status":"publish","type":"post","link":"https:\/\/noticiasveracruz.com\/index.php\/2026\/04\/28\/descartan-a-marc-anthony-en-el-salsa-fest-veracruz\/","title":{"rendered":"Descartan a Marc Anthony en el Salsa Fest Veracruz"},"content":{"rendered":"<p>El Gobierno de Veracruz inform\u00f3 que el cartel del Salsa Fest 2026, que se realiza en Boca del R\u00edo, contin\u00faa en proceso de integraci\u00f3n, y confirm\u00f3 que el cantante Marc Anthony no participar\u00e1 en esta edici\u00f3n.<\/p>\n<p>La gobernadora Roc\u00edo Nahle Garc\u00eda se\u00f1al\u00f3 que las negociaciones con distintos artistas a\u00fan no concluyen, aunque asegur\u00f3 que el festival contar\u00e1 con \u201cbuenos artistas\u201d y seguir\u00e1 consolid\u00e1ndose como un atractivo tur\u00edstico en la entidad.<\/p>\n<p>\u201cNo viene Marc Anthony, pero vamos a ver si el pr\u00f3ximo a\u00f1o; estaban todav\u00eda cerrando el tema con algunos artistas, pero cada vez se consolida m\u00e1s\u201d, declar\u00f3.<\/p>\n<p>La mandataria estatal indic\u00f3 que este tipo de espect\u00e1culos no solo impulsan el turismo, sino tambi\u00e9n fortalecen la convivencia social en Veracruz.<\/p>\n<p>Como ejemplo, mencion\u00f3 la reciente presentaci\u00f3n del DJ Martin Garrix en el puerto de Veracruz, donde destac\u00f3 que se desarroll\u00f3 en un ambiente sin venta de alcohol.<\/p>\n<p>\u201cAlgunos de ustedes estuvieron con el DJ y vieron a los j\u00f3venes bailar de manera sana, porque no hubo venta de alcohol\u201d, expres\u00f3.<\/p>\n<p>A\u00f1adi\u00f3 que estos eventos deben considerarse tambi\u00e9n como espacios que promueven el bienestar social.<\/p>\n<p>\u201cEs promover la felicidad, casi nadie habla de eso, pero hay que hacerlo\u201d, concluy\u00f3.<\/p>\n","protected":false},"excerpt":{"rendered":"<p>El Gobierno de Veracruz inform\u00f3 que el cartel del Salsa Fest 2026, que se realiza en Boca del R\u00edo, contin\u00faa<\/p>\n","protected":false},"author":4,"featured_media":77505,"comment_status":"closed","ping_status":"closed","sticky":false,"template":"","format":"standard","meta":{"colormag_page_container_layout":"default_layout","colormag_page_sidebar_layout":"default_layout","_jetpack_memberships_contains_paid_content":false,"footnotes":"","jetpack_publicize_message":"","jetpack_publicize_feature_enabled":true,"jetpack_social_post_already_shared":true,"jetpack_social_options":{"image_generator_settings":{"template":"highway","default_image_id":0,"font":"","enabled":false},"version":2}},"categories":[356],"tags":[],"class_list":["post-77504","post","type-post","status-publish","format-standard","has-post-thumbnail","hentry","category-veracruz"],"jetpack_publicize_connections":[],"jetpack_featured_media_url":"https:\/\/noticiasveracruz.com\/wp-content\/uploads\/2026\/04\/LAMA.jpg","jetpack_sharing_enabled":true,"publishpress_future_action":{"enabled":false,"date":"2026-05-05 02:57:02","action":"change-status","newStatus":"draft","terms":[],"taxonomy":"category","extraData":[]},"publishpress_future_workflow_manual_trigger":{"enabledWorkflows":[]},"_links":{"self":[{"href":"https:\/\/noticiasveracruz.com\/index.php\/wp-json\/wp\/v2\/posts\/77504","targetHints":{"allow":["GET"]}}],"collection":[{"href":"https:\/\/noticiasveracruz.com\/index.php\/wp-json\/wp\/v2\/posts"}],"about":[{"href":"https:\/\/noticiasveracruz.com\/index.php\/wp-json\/wp\/v2\/types\/post"}],"author":[{"embeddable":true,"href":"https:\/\/noticiasveracruz.com\/index.php\/wp-json\/wp\/v2\/users\/4"}],"replies":[{"embeddable":true,"href":"https:\/\/noticiasveracruz.com\/index.php\/wp-json\/wp\/v2\/comments?post=77504"}],"version-history":[{"count":1,"href":"https:\/\/noticiasveracruz.com\/index.php\/wp-json\/wp\/v2\/posts\/77504\/revisions"}],"predecessor-version":[{"id":77506,"href":"https:\/\/noticiasveracruz.com\/index.php\/wp-json\/wp\/v2\/posts\/77504\/revisions\/77506"}],"wp:featuredmedia":[{"embeddable":true,"href":"https:\/\/noticiasveracruz.com\/index.php\/wp-json\/wp\/v2\/media\/77505"}],"wp:attachment":[{"href":"https:\/\/noticiasveracruz.com\/index.php\/wp-json\/wp\/v2\/media?parent=77504"}],"wp:term":[{"taxonomy":"category","embeddable":true,"href":"https:\/\/noticiasveracruz.com\/index.php\/wp-json\/wp\/v2\/categories?post=77504"},{"taxonomy":"post_tag","embeddable":true,"href":"https:\/\/noticiasveracruz.com\/index.php\/wp-json\/wp\/v2\/tags?post=77504"}],"curies":[{"name":"wp","href":"https:\/\/api.w.org\/{rel}","templated":true}]}}