{"id":77490,"date":"2026-04-27T00:38:51","date_gmt":"2026-04-27T06:38:51","guid":{"rendered":"https:\/\/noticiasveracruz.com\/?p=77490"},"modified":"2026-04-27T00:38:51","modified_gmt":"2026-04-27T06:38:51","slug":"conocer-el-pulso-de-gobernar","status":"publish","type":"post","link":"https:\/\/noticiasveracruz.com\/index.php\/2026\/04\/27\/conocer-el-pulso-de-gobernar\/","title":{"rendered":"Conocer el pulso de gobernar"},"content":{"rendered":"<p>Hablar de regidores no deber\u00eda reducirse a una discusi\u00f3n sobre asistencias o fotograf\u00edas oficiales. Su verdadera importancia va mucho m\u00e1s all\u00e1: representan la pluralidad de una ciudad, la diversidad de sectores sociales y la posibilidad de que distintas voces tengan espacio dentro de la toma de decisiones p\u00fablicas.<\/p>\n<p>&nbsp;<\/p>\n<p>Cada regidor llega al Cabildo con una visi\u00f3n distinta, con causas espec\u00edficas y con la responsabilidad de ser enlace entre el gobierno municipal y la ciudadan\u00eda. Son, en muchos sentidos, el reflejo de los distintos valores que conviven dentro de una sociedad: la justicia social, la equidad, la transparencia, la cultura, la seguridad, la educaci\u00f3n, la inclusi\u00f3n y el desarrollo econ\u00f3mico.<\/p>\n<p>&nbsp;<\/p>\n<p>Mientras la presidencia municipal encabeza la administraci\u00f3n, los regidores cumplen la funci\u00f3n de vigilar, supervisar, proponer y enriquecer las decisiones que impactan en la vida diaria de las familias. Son contrapesos.<\/p>\n<p>&nbsp;<\/p>\n<p>Una propuesta de evaluaci\u00f3n edilicia permite precisamente dimensionar esa importancia. No se trata de desacreditar su funci\u00f3n.<\/p>\n<p>&nbsp;<\/p>\n<p>El sue\u00f1o de la evaluaci\u00f3n contempla cuatro rubros esenciales. El primero es la asistencia a eventos oficiales, porque la representaci\u00f3n institucional tambi\u00e9n implica presencia y acompa\u00f1amiento en los actos que forman parte de la vida p\u00fablica del municipio.<\/p>\n<p>&nbsp;<\/p>\n<p>El segundo es la participaci\u00f3n en Cabildo, donde se discuten acuerdos, presupuestos, reglamentos y decisiones que definen el rumbo de la ciudad. Ah\u00ed no basta con asistir; se necesita criterio, preparaci\u00f3n y compromiso para defender los intereses de la poblaci\u00f3n.<\/p>\n<p>&nbsp;<\/p>\n<p>El tercer punto es el trabajo en comisiones, quiz\u00e1 el m\u00e1s importante. Cada regidor tiene asignadas responsabilidades espec\u00edficas en \u00e1reas como limpia p\u00fablica, hacienda, turismo, obras, prevenci\u00f3n del delito, equidad de g\u00e9nero o desarrollo social. Esa labor t\u00e9cnica es donde realmente se refleja su capacidad de gesti\u00f3n y vigilancia.<\/p>\n<p>&nbsp;<\/p>\n<p>Finalmente est\u00e1 la atenci\u00f3n ciudadana, porque un regidor no debe ser una figura distante. Escuchar, atender y dar seguimiento a las necesidades de la gente es parte esencial de su encargo y de la confianza que la poblaci\u00f3n deposita en ellos.<\/p>\n<p>&nbsp;<\/p>\n<p>El \u201csem\u00e1foro\u201d de rendimiento propuesto no busca dividir entre buenos y malos, sino transparentar el trabajo p\u00fablico. Tambi\u00e9n sirve para que la ciudadan\u00eda entienda mejor qu\u00e9 hace cada edil y c\u00f3mo su desempe\u00f1o influye directamente en la calidad de vida del municipio.<\/p>\n<p>&nbsp;<\/p>\n<p>Los regidores son importantes porque representan mucho m\u00e1s que un cargo: representan sectores, luchas, causas y necesidades reales. Son la muestra de que una ciudad no se gobierna desde una sola visi\u00f3n, sino desde la suma de muchas voluntades.<\/p>\n<p><img loading=\"lazy\" decoding=\"async\" class=\"alignnone wp-image-77480 size-full\" src=\"http:\/\/noticiasveracruz.com\/wp-content\/uploads\/2026\/04\/FIRMA-EDITORIAL-PD-5.jpg\" alt=\"\" width=\"1024\" height=\"125\" srcset=\"https:\/\/noticiasveracruz.com\/wp-content\/uploads\/2026\/04\/FIRMA-EDITORIAL-PD-5.jpg 1024w, https:\/\/noticiasveracruz.com\/wp-content\/uploads\/2026\/04\/FIRMA-EDITORIAL-PD-5-300x37.jpg 300w, https:\/\/noticiasveracruz.com\/wp-content\/uploads\/2026\/04\/FIRMA-EDITORIAL-PD-5-768x94.jpg 768w\" sizes=\"auto, (max-width: 1024px) 100vw, 1024px\" \/><\/p>\n","protected":false},"excerpt":{"rendered":"<p>Hablar de regidores no deber\u00eda reducirse a una discusi\u00f3n sobre asistencias o fotograf\u00edas oficiales. Su verdadera importancia va mucho m\u00e1s<\/p>\n","protected":false},"author":4,"featured_media":73773,"comment_status":"closed","ping_status":"closed","sticky":false,"template":"","format":"standard","meta":{"colormag_page_container_layout":"default_layout","colormag_page_sidebar_layout":"default_layout","_jetpack_memberships_contains_paid_content":false,"footnotes":"","jetpack_publicize_message":"","jetpack_publicize_feature_enabled":true,"jetpack_social_post_already_shared":true,"jetpack_social_options":{"image_generator_settings":{"template":"highway","default_image_id":0,"font":"","enabled":false},"version":2}},"categories":[6],"tags":[],"class_list":["post-77490","post","type-post","status-publish","format-standard","has-post-thumbnail","hentry","category-columnistas"],"jetpack_publicize_connections":[],"jetpack_featured_media_url":"https:\/\/noticiasveracruz.com\/wp-content\/uploads\/2026\/02\/BANNER-VICENTE-MTZ-ROJO-1.jpg","jetpack_sharing_enabled":true,"publishpress_future_action":{"enabled":false,"date":"2026-05-04 03:36:33","action":"change-status","newStatus":"draft","terms":[],"taxonomy":"category","extraData":[]},"publishpress_future_workflow_manual_trigger":{"enabledWorkflows":[]},"_links":{"self":[{"href":"https:\/\/noticiasveracruz.com\/index.php\/wp-json\/wp\/v2\/posts\/77490","targetHints":{"allow":["GET"]}}],"collection":[{"href":"https:\/\/noticiasveracruz.com\/index.php\/wp-json\/wp\/v2\/posts"}],"about":[{"href":"https:\/\/noticiasveracruz.com\/index.php\/wp-json\/wp\/v2\/types\/post"}],"author":[{"embeddable":true,"href":"https:\/\/noticiasveracruz.com\/index.php\/wp-json\/wp\/v2\/users\/4"}],"replies":[{"embeddable":true,"href":"https:\/\/noticiasveracruz.com\/index.php\/wp-json\/wp\/v2\/comments?post=77490"}],"version-history":[{"count":1,"href":"https:\/\/noticiasveracruz.com\/index.php\/wp-json\/wp\/v2\/posts\/77490\/revisions"}],"predecessor-version":[{"id":77491,"href":"https:\/\/noticiasveracruz.com\/index.php\/wp-json\/wp\/v2\/posts\/77490\/revisions\/77491"}],"wp:featuredmedia":[{"embeddable":true,"href":"https:\/\/noticiasveracruz.com\/index.php\/wp-json\/wp\/v2\/media\/73773"}],"wp:attachment":[{"href":"https:\/\/noticiasveracruz.com\/index.php\/wp-json\/wp\/v2\/media?parent=77490"}],"wp:term":[{"taxonomy":"category","embeddable":true,"href":"https:\/\/noticiasveracruz.com\/index.php\/wp-json\/wp\/v2\/categories?post=77490"},{"taxonomy":"post_tag","embeddable":true,"href":"https:\/\/noticiasveracruz.com\/index.php\/wp-json\/wp\/v2\/tags?post=77490"}],"curies":[{"name":"wp","href":"https:\/\/api.w.org\/{rel}","templated":true}]}}