{"id":77488,"date":"2026-04-27T00:37:09","date_gmt":"2026-04-27T06:37:09","guid":{"rendered":"https:\/\/noticiasveracruz.com\/?p=77488"},"modified":"2026-04-27T00:37:09","modified_gmt":"2026-04-27T06:37:09","slug":"renegociar-la-deuda-cirugia-financiera-o-maquillaje-politico","status":"publish","type":"post","link":"https:\/\/noticiasveracruz.com\/index.php\/2026\/04\/27\/renegociar-la-deuda-cirugia-financiera-o-maquillaje-politico\/","title":{"rendered":"Renegociar la deuda: \u00bfcirug\u00eda financiera o maquillaje pol\u00edtico?"},"content":{"rendered":"<p>Renegociar la deuda p\u00fablica en Veracruz no es una noticia nueva; es, m\u00e1s bien, la repetici\u00f3n de una vieja promesa envuelta en un lenguaje t\u00e9cnico que pretende sonar a soluci\u00f3n estructural. La pregunta obligada es inc\u00f3moda, pero necesaria: \u00bfestamos ante una estrategia seria de saneamiento financiero o frente a otro episodio de administraci\u00f3n diferida del problema?<\/p>\n<p>El anuncio del gobierno estatal, encabezado por la gobernadora Norma Roc\u00edo Nahle Garc\u00eda y la Secretar\u00eda de Finanzas, plantea una revisi\u00f3n integral de la deuda con el objetivo de mejorar condiciones, reducir intereses y liberar recursos. En el papel, suena impecable. En la pr\u00e1ctica, la historia de Veracruz obliga a desconfiar.<\/p>\n<p>No es la primera vez que se habla de \u201creestructurar\u201d la deuda. Desde hace al menos tres sexenios, este concepto ha sido utilizado como sin\u00f3nimo de soluci\u00f3n, cuando en realidad muchas veces ha significado trasladar el problema hacia adelante, alargando plazos y, en no pocos casos, incrementando el costo total de la deuda. Es decir, pagar menos hoy para pagar m\u00e1s ma\u00f1ana. Una decisi\u00f3n pol\u00edticamente c\u00f3moda, pero financieramente cuestionable.<\/p>\n<p>La deuda p\u00fablica de Veracruz no es un accidente reciente. Es el resultado de a\u00f1os de manejo discrecional, opacidad y, en algunos casos documentados, corrupci\u00f3n abierta. Basta recordar los pasivos heredados de administraciones anteriores, donde el endeudamiento no se tradujo en infraestructura ni en bienestar social, sino en una carga que sigue pesando sobre generaciones que no participaron en esas decisiones.<\/p>\n<p>Hoy, el gobierno plantea actuar bajo la Ley de Disciplina Financiera de las Entidades Federativas y los Municipios, lo cual es correcto en t\u00e9rminos normativos. Sin embargo, cumplir la ley es lo m\u00ednimo exigible, no un m\u00e9rito. La verdadera prueba est\u00e1 en la transparencia real del proceso: \u00bfse har\u00e1n p\u00fablicos los nuevos t\u00e9rminos de la deuda?, \u00bfse conocer\u00e1n las tasas negociadas?, \u00bfhabr\u00e1 claridad sobre los costos totales a largo plazo?<\/p>\n<p>Porque aqu\u00ed est\u00e1 el punto central: renegociar deuda no es sin\u00f3nimo de reducir deuda. Es, en el mejor de los casos, una herramienta de administraci\u00f3n financiera que puede aliviar presiones de corto plazo, pero que tambi\u00e9n puede convertirse en una trampa si no se maneja con rigor t\u00e9cnico y honestidad pol\u00edtica.<\/p>\n<p>El argumento de liberar recursos para salud, educaci\u00f3n e infraestructura es leg\u00edtimo. Nadie podr\u00eda oponerse a ello. Pero la experiencia indica que esos recursos \u201cliberados\u201d rara vez llegan \u00edntegros a donde se prometen. La tentaci\u00f3n del gasto corriente, del compromiso pol\u00edtico inmediato o de la obra de relumbr\u00f3n suele imponerse sobre la planeaci\u00f3n de largo plazo.<\/p>\n<p>Por otro lado, el sector empresarial observa con expectativa, mientras la oposici\u00f3n exige transparencia. Ambos tienen raz\u00f3n, pero se quedan cortos. Aqu\u00ed no basta con observar ni con exigir: se necesita vigilancia permanente y rendici\u00f3n de cuentas efectiva. La deuda p\u00fablica no es un asunto t\u00e9cnico reservado a especialistas; es un tema profundamente pol\u00edtico porque compromete el futuro de millones de veracruzanos.<\/p>\n<p>Y en ese sentido, la narrativa oficial enfrenta un dilema: si la renegociaci\u00f3n es exitosa, deber\u00e1 demostrarse con cifras verificables y beneficios tangibles; si no lo es, quedar\u00e1 como un episodio m\u00e1s de simulaci\u00f3n financiera.<\/p>\n<p>Veracruz no necesita discursos sobre disciplina fiscal; necesita resultados medibles, decisiones responsables y, sobre todo, memoria. Porque olvidar c\u00f3mo se lleg\u00f3 a esta situaci\u00f3n es el primer paso para repetirla.<\/p>\n<p>Renegociar sin transparencia no es soluci\u00f3n: es simplemente refinanciar la opacidad con cargo al futuro.<\/p>\n<p><img loading=\"lazy\" decoding=\"async\" class=\"alignnone wp-image-77480 size-full\" src=\"http:\/\/noticiasveracruz.com\/wp-content\/uploads\/2026\/04\/FIRMA-EDITORIAL-PD-5.jpg\" alt=\"\" width=\"1024\" height=\"125\" srcset=\"https:\/\/noticiasveracruz.com\/wp-content\/uploads\/2026\/04\/FIRMA-EDITORIAL-PD-5.jpg 1024w, https:\/\/noticiasveracruz.com\/wp-content\/uploads\/2026\/04\/FIRMA-EDITORIAL-PD-5-300x37.jpg 300w, https:\/\/noticiasveracruz.com\/wp-content\/uploads\/2026\/04\/FIRMA-EDITORIAL-PD-5-768x94.jpg 768w\" sizes=\"auto, (max-width: 1024px) 100vw, 1024px\" \/><\/p>\n","protected":false},"excerpt":{"rendered":"<p>Renegociar la deuda p\u00fablica en Veracruz no es una noticia nueva; es, m\u00e1s bien, la repetici\u00f3n de una vieja promesa<\/p>\n","protected":false},"author":4,"featured_media":76187,"comment_status":"closed","ping_status":"closed","sticky":false,"template":"","format":"standard","meta":{"colormag_page_container_layout":"default_layout","colormag_page_sidebar_layout":"default_layout","_jetpack_memberships_contains_paid_content":false,"footnotes":"","jetpack_publicize_message":"","jetpack_publicize_feature_enabled":true,"jetpack_social_post_already_shared":true,"jetpack_social_options":{"image_generator_settings":{"template":"highway","default_image_id":0,"font":"","enabled":false},"version":2}},"categories":[6],"tags":[],"class_list":["post-77488","post","type-post","status-publish","format-standard","has-post-thumbnail","hentry","category-columnistas"],"jetpack_publicize_connections":[],"jetpack_featured_media_url":"https:\/\/noticiasveracruz.com\/wp-content\/uploads\/2026\/03\/BANNER-cristiani-NV.jpg","jetpack_sharing_enabled":true,"publishpress_future_action":{"enabled":false,"date":"2026-05-04 03:40:52","action":"change-status","newStatus":"draft","terms":[],"taxonomy":"category","extraData":[]},"publishpress_future_workflow_manual_trigger":{"enabledWorkflows":[]},"_links":{"self":[{"href":"https:\/\/noticiasveracruz.com\/index.php\/wp-json\/wp\/v2\/posts\/77488","targetHints":{"allow":["GET"]}}],"collection":[{"href":"https:\/\/noticiasveracruz.com\/index.php\/wp-json\/wp\/v2\/posts"}],"about":[{"href":"https:\/\/noticiasveracruz.com\/index.php\/wp-json\/wp\/v2\/types\/post"}],"author":[{"embeddable":true,"href":"https:\/\/noticiasveracruz.com\/index.php\/wp-json\/wp\/v2\/users\/4"}],"replies":[{"embeddable":true,"href":"https:\/\/noticiasveracruz.com\/index.php\/wp-json\/wp\/v2\/comments?post=77488"}],"version-history":[{"count":1,"href":"https:\/\/noticiasveracruz.com\/index.php\/wp-json\/wp\/v2\/posts\/77488\/revisions"}],"predecessor-version":[{"id":77489,"href":"https:\/\/noticiasveracruz.com\/index.php\/wp-json\/wp\/v2\/posts\/77488\/revisions\/77489"}],"wp:featuredmedia":[{"embeddable":true,"href":"https:\/\/noticiasveracruz.com\/index.php\/wp-json\/wp\/v2\/media\/76187"}],"wp:attachment":[{"href":"https:\/\/noticiasveracruz.com\/index.php\/wp-json\/wp\/v2\/media?parent=77488"}],"wp:term":[{"taxonomy":"category","embeddable":true,"href":"https:\/\/noticiasveracruz.com\/index.php\/wp-json\/wp\/v2\/categories?post=77488"},{"taxonomy":"post_tag","embeddable":true,"href":"https:\/\/noticiasveracruz.com\/index.php\/wp-json\/wp\/v2\/tags?post=77488"}],"curies":[{"name":"wp","href":"https:\/\/api.w.org\/{rel}","templated":true}]}}