{"id":77486,"date":"2026-04-27T00:35:24","date_gmt":"2026-04-27T06:35:24","guid":{"rendered":"https:\/\/noticiasveracruz.com\/?p=77486"},"modified":"2026-04-27T00:35:24","modified_gmt":"2026-04-27T06:35:24","slug":"un-legado-social-para-nuevas-juventudes","status":"publish","type":"post","link":"https:\/\/noticiasveracruz.com\/index.php\/2026\/04\/27\/un-legado-social-para-nuevas-juventudes\/","title":{"rendered":"Un legado social para nuevas juventudes"},"content":{"rendered":"<p><span style=\"font-family: 'Arial',sans-serif;\">Era 2013 cuando conoc\u00ed en persona a <span class=\"whitespace-normal\">Rossana Reguillo<\/span>. Acababa de leer un libro suyo donde analizaba a los polic\u00edas en M\u00e9xico; su narrativa bast\u00f3 para volverme su admiradora y querer entender el mundo como ella lo hac\u00eda. Ese texto reun\u00eda entrevistas con polic\u00edas en Guadalajara, pero revelaba algo m\u00e1s profundo: la inseguridad en M\u00e9xico no es un fen\u00f3meno lineal, sino un entramado de voces, contextos y silencios. Para comprenderla, dec\u00eda impl\u00edcitamente, hay que escuchar a todas sus personas, conocer su vida y las motivaciones detr\u00e1s de cada acto.<\/span><\/p>\n<p><span style=\"font-family: 'Arial',sans-serif;\">La vida intelectual de Reguillo estuvo marcada por una curiosidad inagotable y un compromiso \u00e9tico con la realidad. Fue catedr\u00e1tica en el <span class=\"whitespace-normal\">ITESO<\/span> y form\u00f3 parte del Consejo Consultivo de Comunicaci\u00f3n de la <span class=\"whitespace-normal\">IBERO Puebla<\/span>. Sin embargo, su influencia desbord\u00f3 las aulas. Siempre se mantuvo cercana a las juventudes, no desde la condescendencia, sino desde el reconocimiento de su potencia cr\u00edtica y creativa. Escuchaba, cuestionaba y acompa\u00f1aba, la primera vez que pude escucharle parec\u00eda ser alguien que nos conociera de toda la vida y pese a su gran sabidur\u00eda se mostr\u00f3 atenta a nuestras inquietudes y nunca soberbia. <\/span><\/p>\n<p><span style=\"font-family: 'Arial',sans-serif;\">Su mayor acierto \u2014y quiz\u00e1 su legado m\u00e1s poderoso\u2014 fue la capacidad de mirar de frente el horror sin simplificarlo. En sus an\u00e1lisis sobre violencia, desapariciones, narcotr\u00e1fico y desigualdad, evit\u00f3 las narrativas c\u00f3modas. En lugar de eso, construy\u00f3 relatos complejos donde cab\u00edan el dolor, la resistencia y las contradicciones de M\u00e9xico. Supo leer los signos de su tiempo, tanto en las calles como en los espacios digitales. Por eso impuls\u00f3 proyectos como el <span class=\"whitespace-normal\">Signa Lab<\/span>, donde explor\u00f3 c\u00f3mo se construyen las conversaciones p\u00fablicas en internet y c\u00f3mo circula la informaci\u00f3n en contextos de crisis.<\/span><\/p>\n<p><span style=\"font-family: 'Arial',sans-serif;\">Reguillo entend\u00eda que narrar es tambi\u00e9n disputar el sentido. Sus textos no solo describ\u00edan la realidad: la interrogaban. \u00bfQui\u00e9n tiene derecho a contar la historia? \u00bfQu\u00e9 voces quedan fuera? \u00bfC\u00f3mo se construye el miedo? En sus escritos sobre M\u00e9xico, la violencia nunca fue un espect\u00e1culo, sino una pregunta abierta que exig\u00eda responsabilidad colectiva. Nos ense\u00f1\u00f3 que detr\u00e1s de cada cifra hay vidas, y detr\u00e1s de cada discurso, intereses.<\/span><\/p>\n<p><span style=\"font-family: 'Arial',sans-serif;\">Honrar su legado hoy implica m\u00e1s que recordarla: exige actuar. Para las juventudes, su ejemplo ofrece varias rutas. Primero, informarse con rigor y no conformarse con explicaciones superficiales. Segundo, escuchar activamente, especialmente a quienes han sido hist\u00f3ricamente silenciados. Tercero, apropiarse de los espacios digitales con conciencia cr\u00edtica, entendiendo que tambi\u00e9n ah\u00ed se construye la realidad social. Y, sobre todo, atreverse a cuestionar incluso las propias certezas.<\/span><\/p>\n<p><span style=\"font-family: 'Arial',sans-serif;\">En un contexto saturado de informaci\u00f3n, mantener la criticidad es un acto pol\u00edtico. Reguillo nos ense\u00f1\u00f3 a analizar siempre todas las partes, a desconfiar de las versiones \u00fanicas y a buscar las conexiones profundas entre los fen\u00f3menos. Su legado invita a mirar m\u00e1s all\u00e1 de lo evidente y a asumir la responsabilidad de pensar el mundo en colectivo.<\/span><\/p>\n<p><span style=\"font-family: 'Arial',sans-serif;\">La revoluci\u00f3n de ideas puede tener lugar en m\u00faltiples espacios, incluso en las plataformas digitales donde los discursos pueden desafiar el autoritarismo, cerrar los ojos ante la complejidad de nuevas formas de comunicaci\u00f3n, ser\u00eda traicionar su memoria. En cambio, honrarla implica sostener la incomodidad de las preguntas dif\u00edciles, defender el pensamiento cr\u00edtico y poner por delante el bien com\u00fan. Porque, como ella mostr\u00f3 a lo largo de su vida, entender es el primer paso para transformar la realidad que nos trastoca aunque no siempre parezca que algo lejano tambi\u00e9n nos afecta. <\/span><\/p>\n<p><img loading=\"lazy\" decoding=\"async\" class=\"alignnone wp-image-77480 size-full\" src=\"http:\/\/noticiasveracruz.com\/wp-content\/uploads\/2026\/04\/FIRMA-EDITORIAL-PD-5.jpg\" alt=\"\" width=\"1024\" height=\"125\" srcset=\"https:\/\/noticiasveracruz.com\/wp-content\/uploads\/2026\/04\/FIRMA-EDITORIAL-PD-5.jpg 1024w, https:\/\/noticiasveracruz.com\/wp-content\/uploads\/2026\/04\/FIRMA-EDITORIAL-PD-5-300x37.jpg 300w, https:\/\/noticiasveracruz.com\/wp-content\/uploads\/2026\/04\/FIRMA-EDITORIAL-PD-5-768x94.jpg 768w\" sizes=\"auto, (max-width: 1024px) 100vw, 1024px\" \/><\/p>\n","protected":false},"excerpt":{"rendered":"<p>Era 2013 cuando conoc\u00ed en persona a Rossana Reguillo. Acababa de leer un libro suyo donde analizaba a los polic\u00edas<\/p>\n","protected":false},"author":4,"featured_media":71771,"comment_status":"closed","ping_status":"closed","sticky":false,"template":"","format":"standard","meta":{"colormag_page_container_layout":"default_layout","colormag_page_sidebar_layout":"default_layout","_jetpack_memberships_contains_paid_content":false,"footnotes":"","jetpack_publicize_message":"","jetpack_publicize_feature_enabled":true,"jetpack_social_post_already_shared":true,"jetpack_social_options":{"image_generator_settings":{"template":"highway","default_image_id":0,"font":"","enabled":false},"version":2}},"categories":[6],"tags":[],"class_list":["post-77486","post","type-post","status-publish","format-standard","has-post-thumbnail","hentry","category-columnistas"],"jetpack_publicize_connections":[],"jetpack_featured_media_url":"https:\/\/noticiasveracruz.com\/wp-content\/uploads\/2026\/01\/NV-ZAIRA-ROSAS-1-800x445-1.jpg","jetpack_sharing_enabled":true,"publishpress_future_action":{"enabled":false,"date":"2026-05-04 03:36:07","action":"change-status","newStatus":"draft","terms":[],"taxonomy":"category","extraData":[]},"publishpress_future_workflow_manual_trigger":{"enabledWorkflows":[]},"_links":{"self":[{"href":"https:\/\/noticiasveracruz.com\/index.php\/wp-json\/wp\/v2\/posts\/77486","targetHints":{"allow":["GET"]}}],"collection":[{"href":"https:\/\/noticiasveracruz.com\/index.php\/wp-json\/wp\/v2\/posts"}],"about":[{"href":"https:\/\/noticiasveracruz.com\/index.php\/wp-json\/wp\/v2\/types\/post"}],"author":[{"embeddable":true,"href":"https:\/\/noticiasveracruz.com\/index.php\/wp-json\/wp\/v2\/users\/4"}],"replies":[{"embeddable":true,"href":"https:\/\/noticiasveracruz.com\/index.php\/wp-json\/wp\/v2\/comments?post=77486"}],"version-history":[{"count":1,"href":"https:\/\/noticiasveracruz.com\/index.php\/wp-json\/wp\/v2\/posts\/77486\/revisions"}],"predecessor-version":[{"id":77487,"href":"https:\/\/noticiasveracruz.com\/index.php\/wp-json\/wp\/v2\/posts\/77486\/revisions\/77487"}],"wp:featuredmedia":[{"embeddable":true,"href":"https:\/\/noticiasveracruz.com\/index.php\/wp-json\/wp\/v2\/media\/71771"}],"wp:attachment":[{"href":"https:\/\/noticiasveracruz.com\/index.php\/wp-json\/wp\/v2\/media?parent=77486"}],"wp:term":[{"taxonomy":"category","embeddable":true,"href":"https:\/\/noticiasveracruz.com\/index.php\/wp-json\/wp\/v2\/categories?post=77486"},{"taxonomy":"post_tag","embeddable":true,"href":"https:\/\/noticiasveracruz.com\/index.php\/wp-json\/wp\/v2\/tags?post=77486"}],"curies":[{"name":"wp","href":"https:\/\/api.w.org\/{rel}","templated":true}]}}