{"id":77484,"date":"2026-04-27T00:33:56","date_gmt":"2026-04-27T06:33:56","guid":{"rendered":"https:\/\/noticiasveracruz.com\/?p=77484"},"modified":"2026-04-27T00:33:56","modified_gmt":"2026-04-27T06:33:56","slug":"divididos-pan-pri-mc-no-habra-contrapesos","status":"publish","type":"post","link":"https:\/\/noticiasveracruz.com\/index.php\/2026\/04\/27\/divididos-pan-pri-mc-no-habra-contrapesos\/","title":{"rendered":"Divididos PAN-PRI-MC, no habr\u00e1 contrapesos\u2026"},"content":{"rendered":"<p><strong>RENOVARSE O MORIR\u2026 \u00bfMuy ojona para ser paloma?<\/strong><\/p>\n<p>En pol\u00edtica los Partidos, l\u00edderes, Instituciones o Ideolog\u00edas deben adaptarse continuamente a las nuevas realidades sociales para sobrevivir\u2026 Si se aferran al pasado, a trav\u00e9s de estructuras r\u00edgidas o se niegan a evolucionar, est\u00e1n condenados a la irrelevancia, la p\u00e9rdida de apoyo popular y, eventualmente, a su desaparici\u00f3n pol\u00edtica.<\/p>\n<p>EL VOTO SEPARADO. \u2013 La fragmentaci\u00f3n del voto opositor solo sirve para beneficiar directamente a MORENA: La Uni\u00f3n del PRI\/PAN\/MC m\u00e1s cualesquiera otros Partidos nuevos es necesario para ganar o equilibrar las elecciones en 2027 de los 500 Diputados al Congreso de la Uni\u00f3n, as\u00ed como del 17 nuevos Gobernadores Estatales, principalmente\u2026 Se estima que una Alianza Opositora, tal cual, podr\u00eda alcanzar el 39% de las preferencias, superando al 35% que pudiere lograr MORENA \u2026 Sin embargo, el PAN apuesta por ir solos; una estrategia insensata que arriesga el perder mayor fuerza, de la insignificante que ahora posee en el Poder Legislativo\u2026 Por ello es imprescindible una amplia Coalici\u00f3n Opositora que permita lograr el segundo lugar Legislativo en conjunto\u2026 De igual manera es imperativo reconocer que, partiendo de las posibilidades de cada Partido en las 17 candidaturas a Gobernador, se imponga la raz\u00f3n de conveniencia para respaldar al mejor posicionado en cada uno de esos Estados de la Rep\u00fablica; apoyo y realidad sin mezquindades, frente a una maquinaria pol\u00edtica y econ\u00f3mica tan poderosa como lo es la 4T\u2026 Aunque el PAN y MC han rechazado la uni\u00f3n, diversas encuestas observan que una parte importante de los votantes respaldan la uni\u00f3n del PRI\/PAN\u2026 La postura de ir solos se considera un error estrat\u00e9gico, pues en la creencia de que la supervivencia individual o diferenciaci\u00f3n pol\u00edtica les acarreara m\u00e1s votos, es tanto como ignorar o desconocer su realidad pol\u00edtica.<\/p>\n<p>El Partido Movimiento Ciudadano (MC) rechaza aliarse como BLOQUE OPOSITOR, argumentado que el PAN y PRI representan el pasado y est\u00e1n desprestigiados\u2026 MC en la elecci\u00f3n Presidencial de 2024 se present\u00f3 como una alternativa de tercera v\u00eda; hoy para 2027, se sostiene en esa postura \u2026 Se asume como un Partido que se diferencia de la vieja pol\u00edtica del PRI y PAN, as\u00ed mismo de MORENA, pretendiendo ganar espacios propios como lo es Nuevo Le\u00f3n y Jalisco, sin depender de Alianzas Nacionales\u2026 MC es un Partido que al pendular seg\u00fan sus intereses particulares (Dante Delgado) m\u00e1s all\u00e1 de pol\u00edticos, respalda en ocasiones a la Alianza Oficialista (MORENA\/PT\/PVEM); as\u00ed lo hizo inicialmente en el Plan B, lo que desmiente una postura de Oposici\u00f3n Sistem\u00e1tica\u2026 A MOVIMIENTO CIUDADANO se le ha acu\u00f1ado el t\u00e9rmino \u201cFOSFORENA\u201d, pues se argumenta que opera seg\u00fan estima en beneficio de sus circunstancias, como un aliado funcional de Gobierno, convirti\u00e9ndose en el \u201cCUARTO PILAR\u201d Legislativo de la CUARTA TRANSFORMACION en momentos clave\u2026 MC no es un Partido Opositor Riguroso, porque en la b\u00fasqueda de simpat\u00edas ciudadanas, construye su propia identidad rechazando Alianzas Nacionales y por el contrario coincide con el Gobierno y su Alianza Oficialista, ocasionando un menor CONTRAPESO OPOSITOR\u2026 Dante Delgado ha mantenido el control de la Dirigencia del Partido (antes CONVERGENCIA) durante dos d\u00e9cadas, ocupando la Presidencia casi 14 a\u00f1os entre 1999 y 2024\u2026 MC se autodenomina contrario a la vieja pol\u00edtica del PRI\/PAN y sin embargo en 20 a\u00f1os MC\/Dante Delgado como \u201cgenio y figura\u201d preponderante en \u00e9l, es m\u00e1s rancio que viejo, y, para all\u00e1 va MORENA\/AMLO\u2026 Analistas en NEXOS y EJE CENTRAL, han descrito a MC como una Empresa Pol\u00edtica o una Cadena de Franquicias, donde Dante Delgado opera desde la C\u00fapula, con el objetivo de obtener financiamiento p\u00fablico (m\u00e1s de 900 Millones de pesos\/2026) y ceder espacios a familiares o allegados\u2026 Dante Delgado\/MC ambicionan obtener el 7% de los votos en 2027 (Poder Legislativo),\u00a0 lo que le garantizar\u00eda Prerrogativas Millonarias y Registro, antes que aliarse con otros Partidos que eviten la MAYOR\u00cdA CALIFICADA OFICIALISTA\u2026 Ha preferido ser CABEZA DE RAT\u00d3N con COLA DE LE\u00d3N: antes que ser el \u00faltimo, subordinado o poco relevante en una organizaci\u00f3n grande y poderosa\u2026 No est\u00e1 en su alma un Plan Pol\u00edtico, sino un Plan de Negocios\u2026 No le interesa competir para ganar, sino para la supervivencia de registro y Millonario financiamiento.<\/p>\n<p>Si bien es muy compleja (ideol\u00f3gica) la dudosa o deseable Uni\u00f3n PAN\/PRI\/MC, se vuelve fundamental frente a MORENA\/PT\/PVEM, como una forma de CONCENTRAR el VOTO \u00daTIL y competir realmente por MAYORIAS LEGISLATIVAS en el Congreso de la Uni\u00f3n y de los Estados de la Rep\u00fablica en v\u00edas de cambio (17), priorizando el proyecto como pa\u00eds sobre supervivencia financiera del Partido, porque es urgente un Bloque Opositor fuerte, de CONTENCI\u00d3N\u00a0 y CONTRAPESO REAL en el Congreso\u2026 Aceptar que los ciudadanos desean una Alternativa Unida, no m\u00faltiples opciones que compitan entre s\u00ed\u2026 Al examinar y aceptar por el bien de la Rep\u00fablica que las elecciones en 2027 no debieran medirse en Millones de pesos de Registro P\u00fablico, sino en capacidad de aglutinar el descontento ciudadano; particularmente se hace impostergable de la CLASE MEDIA, de manera organizada y contundente\u2026 Las elecciones de 2027 ser\u00e1n tiempos hist\u00f3ricos definitorios donde las figuras pol\u00edticas relevantes o de control pol\u00edtico partidista deban anteponer la raz\u00f3n de Estado por encima de ambiciones e intereses personales o partidista\u2026 Hist\u00f3ricamente la Uni\u00f3n ha sido clave para alternancia exitosas\u2026 Al ir solos PAN y MC no generar\u00e1n CONTRAPESOS TANGIBLES; funcionar\u00e1n como una \u201cfuerza menor\u201d, con mucho dinero, quiz\u00e1, pero con escasa o nula capacidad de cambio, que tanto requiere la pol\u00edtica y la Naci\u00f3n.<\/p>\n<p>Alejandro Moreno \u201cAlito\u201d, Presidente del CEN del PRI ha estado buscando una Alianza positiva rumbo a las elecciones 2027, con el enfoque que debe centrarse en la construcci\u00f3n de CONTRAPESOS\u2026 Orienta su planteamiento en una narrativa resaltando la experiencia del PRI en Gobierno,\u00a0 plantea una operaci\u00f3n unida como la \u00fanica forma de evitar la CONCENTRACION DE PODER 4T, pero no hay de otra, m\u00e1s que a trav\u00e9s del voto \u00fatil v\u00eda ALIANZA PAN\/PRI\u2026\u00a0 Suscita la necesidad de recuperar el equilibrio en el Congreso mediante una Asociaci\u00f3n Pol\u00edtica fuerte, que alcance garantizar que las pol\u00edticas p\u00fablicas que se impulsen, lleguen a todos: POBRES y CLASES MEDIAS\u2026 El PRI de Alito Moreno sostiene que est\u00e1 abierto a Candidaturas Ciudadanas, lo que incluye perfiles no necesariamente militantes del Partido, a contrario sensu de MORENA donde se vislumbra profundas luchas internas, embriagados como est\u00e1n de Poder y dinero, corrupci\u00f3n e impunidad con el manto protector cuatrotero gobiernista\u2026 Alito\/PRI, metaf\u00f3ricamente como David frente a Goliat: \u00a0si el PRI, solo como parece ser, escucha, atiende y se al\u00eda con la CLASE MEDIA para abrir sus puertas a ciudadanos honestos, preparados, con prestigio, para que la Sociedad Civil tome la pol\u00edtica en sus manos con el respaldo de su estructura partidista, sobrevivir\u00e1 con fuerza y eficacia como Instituto Pol\u00edtico y como una aut\u00e9ntica opci\u00f3n ideol\u00f3gica y social, acorde a los nuevos tiempos; contempor\u00e1neo \u2026 Alude que no puede quedar en la desmemoria hist\u00f3rica que la CLASE MEDIA creci\u00f3 bajo los MODELOS INSTITUCIONALES que el PRI impuls\u00f3\u2026 Sin duda un hecho sentado y comprobado.<\/p>\n<p>LA REALPOLITIK. \u2013 (del alem\u00e1n \u201cpol\u00edtica realista\u201d), es la forma de reconocer el actuar en pol\u00edtica basada en criterios pragm\u00e1ticos y exitosos, de inter\u00e9s pol\u00edtico partidista y de inter\u00e9s Nacional, priorizando el Poder sobre ideolog\u00edas, \u00e9tica o moral; enfoc\u00e1ndose en gestionar situaciones concretas para el equilibrio de Poder\u2026 En consecuencia, aceptar de manera radical lo que est\u00e1 sucediendo; asumir el mapa pol\u00edtico actual para actuar en consecuencia.<\/p>\n<p>ACEPTACION RADICAL DE LA REALIDAD. \u2013 LAS MILITANCIAS Y DIRIGENCIAS PARTIDISTAS A LAS ELECCIONES DIRECTAS\u2026\u00a0 LA CLASE MEDIA o CIUDADANA, a las PLURINOMINALES. \u2013 Las PLURINOMINALES se crearon por dos razones: para dar espacio en el Congreso a MINORIAS ante la hegemon\u00eda de un Partido Pol\u00edtico\u2026 Para que voces t\u00e9cnicas, empresariales, sociales o intelectuales (a menudo vinculadas a la CLASE MEDIA) que no necesariamente tienen una estructura pol\u00edtica territorial, pudiesen llegar al Congreso, soportadas en su perfil y en la votaci\u00f3n total del Partido\u2026 El Congreso de la Uni\u00f3n, convertido en un Circo, el debate pol\u00edtico que domina una narrativa de impreparados, montoneros 4T, se hace imprescindible la voz\u00a0 de nuevos perfiles PLURINOMINALES de la Oposici\u00f3n, con el supremo deseo de dignificar el debate pol\u00edtico en el Congreso; la 4T se hace escuchar con discursos huecos de contenido \u00fatil, a golpe de martillo ilegal, teatreros, circenses, maromeros \u2026 Las PLURINOMINALES se convirtieron en cotos de Poder para las Dirigencias Partidistas, que de persistir, no hay ma\u00f1ana, pues al paso del tiempo han sido el art\u00edfice de su propia ruina \u2026 Fueron candidaturas de pulm\u00f3n o de lista convertidas en un mecanismo exclusivo para ellas, asegurando las Curules para s\u00ed y sus allegados \u2026 Una realidad donde la lealtad a la C\u00fapula pesa m\u00e1s que la base militante o la ciudadan\u00eda\u2026 Por la situaci\u00f3n actual en ambos Partidos PAN\/PRI que viven una crisis organizativa para reposicionarse , enfrentan retos de competitividad, lo que lleva \u00a0a un debate interno sobre buscar autonom\u00eda para fortalecerse, situaci\u00f3n presente que est\u00e1 marcada por una profunda crisis de legitimidad, p\u00e9rdida de bastiones electorales y un desgaste significativo ante la ciudadan\u00eda y la nueva configuraci\u00f3n pol\u00edtica\u2026 Aceptar la realidad, es reconocer los hechos tal cual son, sin maquillaje ni quejarse eternamente\u2026 En la medida en que entiendan PRI y PAN que centrarse en la necesidad de RENOVACION, legitimidad y representatividad, distanci\u00e1ndose de la vieja y ma\u00f1osa pol\u00edtica de acaparar, sus Dirigencias, las Candidaturas Plurinominales, la suma de la Sociedad Civil es la \u00fanica forma de ser competitivos al presentar ciudadanos p\u00fablicamente reconocidos por su capacidad profesional e intelectual como Candidatos Plurinominales; quienes pueden sumar Millones de votos para el PRI y PAN de personas que jam\u00e1s votar\u00edan por esos Partidos, pero que, decepcionados de Claudia Sheinbaum\/ Gobierno 4T, buscan un CONTRAPESO\u00a0 a MORENA\u2026 EL RETO \u00a0es que ambos Partidos se conviertan en una NUEVA REALIDAD (REFORMADA) de con quienes y para quienes hacer pol\u00edtica, mediante la plataforma de la Sociedad Civil; toda vez que por hoy, a \u00e9sta no le queda de otra\u2026 No hay Partido Pol\u00edtico de CLASES MEDIAS, espec\u00edfico\u2026 Resulta fundamental entender los hechos, La REALPOLITIK, no como un destino, sino como punto de partida y utilizar el momento pol\u00edtico electoral 2027 como el motor de cambio hacia dentro de la vieja concepci\u00f3n partidista encaram\u00e1ndose en el Poder y en la reorientaci\u00f3n de la directriz de la Naci\u00f3n.<\/p>\n<p>Para terminar: EL TEATRO MA\u00d1ANERO. _ La Presidenta Claudia Sheinbaum ha expresado que la Derecha representa odio, racismo y discriminaci\u00f3n; utiliza esa narrativa que debemos interpretar: \u201cest\u00e1s conmigo o est\u00e1s contra el Proyecto 4T\u201d\u2026 La Presidenta \u00a0reduce el espectro pol\u00edtico a dos opciones: ser parte de la 4T o un \u201cconservador\u201d que traiciona al pueblo\u2026 Es precisamente lo que en este an\u00e1lisis se ha desarrollado: la 4T con su plataforma pol\u00edtica PRIMERO LOS POBRES (\u00bfLos \u00fanicos?), es decir, la IZQUIERDA y la otra la DERECHA representada por la Clase Media, categor\u00eda gen\u00e9rica en que se agrupan todos los cr\u00edticos, opositores y defensores de una reconfiguraci\u00f3n del Estado 4T\u2026 La afirmaci\u00f3n de la Presidenta est\u00e1 basada en criterios sociales, raciales\u2026 Una declaraci\u00f3n estereotipa que resulta hiriente\u2026 Declaraci\u00f3n desafortunada e imprudente; una falta de respeto a su Propia Investidura como Presidenta de M\u00e9xico, de todos los mexicanos\u2026 Decepcionante que desconozca uno de los Principios Rectores de un Presidente de M\u00e9xico: actuar como representante de la Unidad Nacional, buscando el bienestar com\u00fan por encima de intereses partidistas\u2026 Deja la impresi\u00f3n de \u201cESTAR MUY OJONA PARA SER PALOMA\u201d.<\/p>\n<p><img loading=\"lazy\" decoding=\"async\" class=\"alignnone wp-image-77480 size-full\" src=\"http:\/\/noticiasveracruz.com\/wp-content\/uploads\/2026\/04\/FIRMA-EDITORIAL-PD-5.jpg\" alt=\"\" width=\"1024\" height=\"125\" srcset=\"https:\/\/noticiasveracruz.com\/wp-content\/uploads\/2026\/04\/FIRMA-EDITORIAL-PD-5.jpg 1024w, https:\/\/noticiasveracruz.com\/wp-content\/uploads\/2026\/04\/FIRMA-EDITORIAL-PD-5-300x37.jpg 300w, https:\/\/noticiasveracruz.com\/wp-content\/uploads\/2026\/04\/FIRMA-EDITORIAL-PD-5-768x94.jpg 768w\" sizes=\"auto, (max-width: 1024px) 100vw, 1024px\" \/><\/p>\n","protected":false},"excerpt":{"rendered":"<p>RENOVARSE O MORIR\u2026 \u00bfMuy ojona para ser paloma? En pol\u00edtica los Partidos, l\u00edderes, Instituciones o Ideolog\u00edas deben adaptarse continuamente a<\/p>\n","protected":false},"author":4,"featured_media":73785,"comment_status":"closed","ping_status":"closed","sticky":false,"template":"","format":"standard","meta":{"colormag_page_container_layout":"default_layout","colormag_page_sidebar_layout":"default_layout","_jetpack_memberships_contains_paid_content":false,"footnotes":"","jetpack_publicize_message":"","jetpack_publicize_feature_enabled":true,"jetpack_social_post_already_shared":true,"jetpack_social_options":{"image_generator_settings":{"template":"highway","default_image_id":0,"font":"","enabled":false},"version":2}},"categories":[6],"tags":[],"class_list":["post-77484","post","type-post","status-publish","format-standard","has-post-thumbnail","hentry","category-columnistas"],"jetpack_publicize_connections":[],"jetpack_featured_media_url":"https:\/\/noticiasveracruz.com\/wp-content\/uploads\/2026\/02\/NV-CARLOS-SILVA-1.jpg","jetpack_sharing_enabled":true,"publishpress_future_action":{"enabled":false,"date":"2026-05-04 04:57:10","action":"change-status","newStatus":"draft","terms":[],"taxonomy":"category","extraData":[]},"publishpress_future_workflow_manual_trigger":{"enabledWorkflows":[]},"_links":{"self":[{"href":"https:\/\/noticiasveracruz.com\/index.php\/wp-json\/wp\/v2\/posts\/77484","targetHints":{"allow":["GET"]}}],"collection":[{"href":"https:\/\/noticiasveracruz.com\/index.php\/wp-json\/wp\/v2\/posts"}],"about":[{"href":"https:\/\/noticiasveracruz.com\/index.php\/wp-json\/wp\/v2\/types\/post"}],"author":[{"embeddable":true,"href":"https:\/\/noticiasveracruz.com\/index.php\/wp-json\/wp\/v2\/users\/4"}],"replies":[{"embeddable":true,"href":"https:\/\/noticiasveracruz.com\/index.php\/wp-json\/wp\/v2\/comments?post=77484"}],"version-history":[{"count":1,"href":"https:\/\/noticiasveracruz.com\/index.php\/wp-json\/wp\/v2\/posts\/77484\/revisions"}],"predecessor-version":[{"id":77485,"href":"https:\/\/noticiasveracruz.com\/index.php\/wp-json\/wp\/v2\/posts\/77484\/revisions\/77485"}],"wp:featuredmedia":[{"embeddable":true,"href":"https:\/\/noticiasveracruz.com\/index.php\/wp-json\/wp\/v2\/media\/73785"}],"wp:attachment":[{"href":"https:\/\/noticiasveracruz.com\/index.php\/wp-json\/wp\/v2\/media?parent=77484"}],"wp:term":[{"taxonomy":"category","embeddable":true,"href":"https:\/\/noticiasveracruz.com\/index.php\/wp-json\/wp\/v2\/categories?post=77484"},{"taxonomy":"post_tag","embeddable":true,"href":"https:\/\/noticiasveracruz.com\/index.php\/wp-json\/wp\/v2\/tags?post=77484"}],"curies":[{"name":"wp","href":"https:\/\/api.w.org\/{rel}","templated":true}]}}