{"id":77473,"date":"2026-04-27T00:26:40","date_gmt":"2026-04-27T06:26:40","guid":{"rendered":"https:\/\/noticiasveracruz.com\/?p=77473"},"modified":"2026-04-27T00:26:40","modified_gmt":"2026-04-27T06:26:40","slug":"repudio-internacional-a-incidente-de-seguridad-en-cena-a-la-que-asistia-trump","status":"publish","type":"post","link":"https:\/\/noticiasveracruz.com\/index.php\/2026\/04\/27\/repudio-internacional-a-incidente-de-seguridad-en-cena-a-la-que-asistia-trump\/","title":{"rendered":"Repudio internacional a \u201cincidente de seguridad\u201d en cena a la que asist\u00eda Trump"},"content":{"rendered":"<p class=\"nota-justify\">Numerosos l\u00edderes condenaron el incidente ocurrido el s\u00e1bado en Washington, donde el presidente estadunidense, Donald Trump, fue evacuado despu\u00e9s de que un tirador intentara irrumpir en la gala anual de los corresponsales de la Casa Blanca.<\/p>\n<p class=\"nota-justify\"><strong>Lula se suma a condena \u00a0de \u00abviolencia pol\u00edtica\u00bb<\/strong><\/p>\n<p class=\"nota-justify\">El presidente de Brasil, Luiz In\u00e1cio Lula da Silva, conden\u00f3 este domingo el incidente armado ocurrido la v\u00edspera en Estados Unidos durante una gala a la que asist\u00eda su hom\u00f3logo Donald Trump, y denunci\u00f3 que la \u00abviolencia pol\u00edtica es una afronta a los valores democr\u00e1ticos\u00bb.<\/p>\n<p class=\"nota-justify\">Trump fue evacuado el s\u00e1bado por la noche de un hotel en Washington despu\u00e9s de que un hombre armado intentara irrumpir en la cena anual con los periodistas acreditados en la Casa Blanca.<\/p>\n<p class=\"nota-justify\">\u00abMi solidaridad con el presidente Donald Trump, la primera dama Melania Trump y todos los presentes en la cena con corresponsales en Washington\u00bb, escribi\u00f3 el mandatario brasile\u00f1o en X.<\/p>\n<p class=\"nota-justify\">Lula, un duro cr\u00edtico de la pol\u00edtica exterior de Trump, m\u00e1s recientemente por la guerra con Ir\u00e1n, dijo que \u00abBrasil repudia vehementemente el ataque de anoche\u00bb.<\/p>\n<p class=\"nota-justify\">\u00abLa violencia pol\u00edtica es una afronta a los valores democr\u00e1ticos que todos debemos proteger\u00bb, subray\u00f3.<\/p>\n<p class=\"nota-justify\">El presidente brasile\u00f1o de izquierda, de 80 a\u00f1os, y su par estadunidense de 79 a\u00f1os, un populista de extrema derecha, discrepan en numerosos temas como el multilateralismo, el comercio internacional y la lucha contra el cambio clim\u00e1tico.<\/p>\n<p class=\"nota-justify\"><strong>Rey Carlos III<\/strong><\/p>\n<p class=\"nota-justify\">El rey Carlos III de Inglaterra expres\u00f3 su \u00abgran alivio\u00bb de que el presidente Trump, su esposa Melania y otros invitados salieran ilesos del tiroteo, indic\u00f3 el Palacio de Buckingham.<\/p>\n<p class=\"nota-justify\"><strong>UE<\/strong><\/p>\n<p class=\"nota-justify\">\u00abAcabo de hablar con el presidente Donald Trump para expresarle mi solidaridad, as\u00ed como a la primera dama, tras el intento de atentado\u00bb, indic\u00f3 la presidenta de la Comisi\u00f3n Europea, Ursula von der Leyen, en la red social X.<\/p>\n<p class=\"nota-justify\">\u00abHemos subrayado que la violencia pol\u00edtica no tiene cabida en nuestras democracias\u00bb, agreg\u00f3.<\/p>\n<p class=\"nota-justify\"><strong>Keir Starmer<\/strong><\/p>\n<p class=\"nota-justify\">El primer ministro brit\u00e1nico se dijo en X \u00abconmocionado\u00bb por el tiroteo y recalc\u00f3 que \u00abcualquier ataque a las instituciones democr\u00e1ticas o la libertad de prensa debe ser condenado en los t\u00e9rminos m\u00e1s contundentes\u00bb.<\/p>\n<p><strong>Friedrich Merz<\/strong><\/p>\n<p>El canciller alem\u00e1n, Friedrich Merz, se sum\u00f3 a otros l\u00edderes mundiales para condenar el tiroteo ocurrido durante la cena de corresponsales en Washington a la que asist\u00eda el presidente de Estados Unidos, Donald Trump.<\/p>\n<p>\u00abLa violencia no tiene cabida en una democracia. Tomamos decisiones por mayor\u00eda, no a punta de pistola\u00bb, escribi\u00f3 Merz en X. \u00abCondeno el intento de atentado en Washington y me siento aliviado de que el presidente Trump, la primera dama Melania Trump y todos los presentes se encuentren a salvo\u00bb.<\/p>\n<p class=\"nota-justify\"><strong>Emmanuel Macron<\/strong><\/p>\n<p class=\"nota-justify\">\u00abEl ataque armado de anoche dirigido al presidente de Estados Unidos es inaceptable. La violencia nunca tiene lugar en democracia. Le dirijo a Donald Trump todo mi apoyo\u00bb, escribi\u00f3 en X el presidente franc\u00e9s.<\/p>\n<p class=\"nota-justify\"><strong>Giorgia Meloni<\/strong><\/p>\n<p class=\"nota-justify\">La jefa del gobierno italiano manifest\u00f3 su \u00abplena solidaridad y simpat\u00eda sincera\u00bb a Trump y a los dem\u00e1s asistentes. \u00abEl odio pol\u00edtico no tiene cabida en nuestras democracias. No toleraremos que el fanatismo envenene los espacios de debate e informaci\u00f3n libres\u00bb, a\u00f1adi\u00f3.<\/p>\n<p class=\"nota-justify\"><strong>Benjamin Netanyahu<\/strong><\/p>\n<p class=\"nota-justify\">El primer ministro israel\u00ed y pr\u00f3fugo de la Corte Penal Internacional dijo que \u00e9l y su esposa Sara est\u00e1n \u00abconmocionados por el intento de asesinato\u00bb contra el presidente Trump.<\/p>\n<p class=\"nota-justify\">\u00abEnviamos nuestros deseos de un restablecimiento pleno y r\u00e1pido al polic\u00eda herido, y felicitamos al Servicio Secreto de Estados Unidos por su reacci\u00f3n tan \u00e1gil y decisiva\u00bb, agreg\u00f3 en X.<\/p>\n<p class=\"nota-justify\"><strong>\u00a0Recep Tayyip Erdogan<\/strong><\/p>\n<p class=\"nota-justify\">El presidente turco conden\u00f3 el incidente, comentando que \u00aben las democracias las peleas se libran con ideas, y en ellas no hay lugar alguno para ninguna forma de violencia\u00bb.<\/p>\n<p class=\"nota-justify\"><strong>Pedro S\u00e1nchez<\/strong><\/p>\n<p class=\"nota-justify\">\u00abCondenamos el ataque que se ha producido esta noche contra el presidente\u00bb Trump, escribi\u00f3 en su cuenta en X el presidente del gobierno espa\u00f1ol.<\/p>\n<p class=\"nota-justify\">\u00abLa violencia nunca es el camino. La humanidad solo avanzar\u00e1 a trav\u00e9s de la democracia, la convivencia y la paz\u00bb, agreg\u00f3.<\/p>\n<p class=\"nota-justify\"><strong>Shehbaz Sharif<\/strong><\/p>\n<p class=\"nota-justify\">El primer ministro de Pakist\u00e1n, cuyo pa\u00eds ha mediado en el conflicto entre Estados Unidos e Ir\u00e1n, afirm\u00f3 que estaba \u00abprofundamente impactado\u00bb por el incidente en la gala de corresponsales.<\/p>\n","protected":false},"excerpt":{"rendered":"<p>Numerosos l\u00edderes condenaron el incidente ocurrido el s\u00e1bado en Washington, donde el presidente estadunidense, Donald Trump, fue evacuado despu\u00e9s de<\/p>\n","protected":false},"author":4,"featured_media":77474,"comment_status":"closed","ping_status":"closed","sticky":false,"template":"","format":"standard","meta":{"colormag_page_container_layout":"default_layout","colormag_page_sidebar_layout":"default_layout","_jetpack_memberships_contains_paid_content":false,"footnotes":"","jetpack_publicize_message":"","jetpack_publicize_feature_enabled":true,"jetpack_social_post_already_shared":true,"jetpack_social_options":{"image_generator_settings":{"template":"highway","default_image_id":0,"font":"","enabled":false},"version":2}},"categories":[355],"tags":[],"class_list":["post-77473","post","type-post","status-publish","format-standard","has-post-thumbnail","hentry","category-internacional"],"jetpack_publicize_connections":[],"jetpack_featured_media_url":"https:\/\/noticiasveracruz.com\/wp-content\/uploads\/2026\/04\/AIJU.webp","jetpack_sharing_enabled":true,"publishpress_future_action":{"enabled":false,"date":"2026-05-04 07:15:01","action":"change-status","newStatus":"draft","terms":[],"taxonomy":"category","extraData":[]},"publishpress_future_workflow_manual_trigger":{"enabledWorkflows":[]},"_links":{"self":[{"href":"https:\/\/noticiasveracruz.com\/index.php\/wp-json\/wp\/v2\/posts\/77473","targetHints":{"allow":["GET"]}}],"collection":[{"href":"https:\/\/noticiasveracruz.com\/index.php\/wp-json\/wp\/v2\/posts"}],"about":[{"href":"https:\/\/noticiasveracruz.com\/index.php\/wp-json\/wp\/v2\/types\/post"}],"author":[{"embeddable":true,"href":"https:\/\/noticiasveracruz.com\/index.php\/wp-json\/wp\/v2\/users\/4"}],"replies":[{"embeddable":true,"href":"https:\/\/noticiasveracruz.com\/index.php\/wp-json\/wp\/v2\/comments?post=77473"}],"version-history":[{"count":1,"href":"https:\/\/noticiasveracruz.com\/index.php\/wp-json\/wp\/v2\/posts\/77473\/revisions"}],"predecessor-version":[{"id":77475,"href":"https:\/\/noticiasveracruz.com\/index.php\/wp-json\/wp\/v2\/posts\/77473\/revisions\/77475"}],"wp:featuredmedia":[{"embeddable":true,"href":"https:\/\/noticiasveracruz.com\/index.php\/wp-json\/wp\/v2\/media\/77474"}],"wp:attachment":[{"href":"https:\/\/noticiasveracruz.com\/index.php\/wp-json\/wp\/v2\/media?parent=77473"}],"wp:term":[{"taxonomy":"category","embeddable":true,"href":"https:\/\/noticiasveracruz.com\/index.php\/wp-json\/wp\/v2\/categories?post=77473"},{"taxonomy":"post_tag","embeddable":true,"href":"https:\/\/noticiasveracruz.com\/index.php\/wp-json\/wp\/v2\/tags?post=77473"}],"curies":[{"name":"wp","href":"https:\/\/api.w.org\/{rel}","templated":true}]}}