{"id":77458,"date":"2026-04-27T00:20:18","date_gmt":"2026-04-27T06:20:18","guid":{"rendered":"https:\/\/noticiasveracruz.com\/?p=77458"},"modified":"2026-04-27T00:20:18","modified_gmt":"2026-04-27T06:20:18","slug":"jaraneros-y-danzantes-derrochan-ritmo-y-tradicion-en-el-dia-internacional-de-la-danza-en-yucatan","status":"publish","type":"post","link":"https:\/\/noticiasveracruz.com\/index.php\/2026\/04\/27\/jaraneros-y-danzantes-derrochan-ritmo-y-tradicion-en-el-dia-internacional-de-la-danza-en-yucatan\/","title":{"rendered":"Jaraneros y danzantes derrochan ritmo y tradici\u00f3n en el D\u00eda Internacional de la Danza en Yucat\u00e1n"},"content":{"rendered":"<p class=\"nota-justify\">M\u00e1s de mil 800 jaraneras, jaraneros y danzantes de 84 municipios de Yucat\u00e1n, ocuparon la Tarde de Vaquer\u00eda, organizada por la Secretar\u00eda de Cultura estatal (Sedeculta), en el Gran Museo del Mundo Maya, algo in\u00e9dito en la tradici\u00f3n del baile folkl\u00f3rico m\u00e1s famoso en el sur-sureste de M\u00e9xico.<\/p>\n<p class=\"nota-justify\">La \u201cQuema de torito\u201d y \u201cEl Cipr\u00e9s\u201d, espectaculares actuaciones nativas, engalanaron una verdadera fiesta tradicional en la que las y los bailadores se lucieron con orgullo y alegr\u00eda al son de las jaranas interpretadas por la Orquesta Jaranera del Mayab y la Real Orquesta Yucateca de Arturo Turriza, en lo que las autoridades estatales consideraron un Renacimiento Maya \u201ca tope\u201d.<\/p>\n<p class=\"nota-justify\">Este evento \u2014sin precedentes\u2014 result\u00f3 en un derroche de ritmo, tradici\u00f3n y pirotecnia que se desbord\u00f3 de 4 de la tarde a 10 de la noche, del s\u00e1bado, en la explanada del recinto. La m\u00fasica de ambas orquestas jaraneras resonaron junto con los cantos, los aplausos y el zapateo de los tacones y alpargatas, en una demostraci\u00f3n de la riqueza y la presencia de la m\u00fasica tradicional de Yucat\u00e1n en el marco de las celebraciones por el D\u00eda Internacional de la Danza, organizada por la Sedeculta.<\/p>\n<p class=\"nota-justify\">A las 4 de la tarde comenzaron a llegar los primeros grupos jaraneros, incluyendo al Ballet Folkl\u00f3rico del Estado de Yucat\u00e1n \u201cAlfredo Cort\u00e9s Aguilar\u201d; a las 6 de la tarde dio inicio la fiesta en todo su esplendor con el desfile de las y los bailadores, provenientes de 84 municipios, a quienes dio la bienvenida Patricia Mart\u00edn Brice\u00f1o, titular de Secretar\u00eda de la Cultura y las Artes de Yucat\u00e1n, a nombre del gobernador, Joaqu\u00edn D\u00edaz Mena.<\/p>\n<p class=\"nota-justify\">De tal forma, m\u00e1s de mil jaraneros y jaraneras llegaron de los municipios de Buctzotz, Calotmul, Cenotillo, Cuncunul, Chankom, Chemax, Chichimil\u00e1, Chikindzonot, Dzit\u00e1s, Espita, Kaua, Panab\u00e1, R\u00edo Lagartos, San Felipe, Sucil\u00e1, Tecoh, Temoz\u00f3n, Tinum, Tixcacalcupul, Tizim\u00edn y M\u00e9rida, entre los 84 participantes de un total de 106 comunidades que hay en la entidad.<\/p>\n<p class=\"nota-justify\">\u201cHoy va a vibrar lo nuestro, el zapateo y el orgullo de ser yucatecos y yucatecas; hoy se celebra el D\u00eda Internacional de la Danza y qu\u00e9 danza m\u00e1s representativa que la jarana. Parte del Renacimiento Maya es resaltar las culturas vivas y todos ustedes representan nuestro legado, est\u00e1n haciendo que florezca y contin\u00fae con nuestros ternos, nuestros bordados, en este museo que no es est\u00e1tico y hoy se demuestra mejor que nunca, este escenario es para que la cultura maya se manifieste y respire\u201d, dijo Patricia Mart\u00edn, titular de la Sedeculta.<\/p>\n","protected":false},"excerpt":{"rendered":"<p>M\u00e1s de mil 800 jaraneras, jaraneros y danzantes de 84 municipios de Yucat\u00e1n, ocuparon la Tarde de Vaquer\u00eda, organizada por<\/p>\n","protected":false},"author":4,"featured_media":77459,"comment_status":"closed","ping_status":"closed","sticky":false,"template":"","format":"standard","meta":{"colormag_page_container_layout":"default_layout","colormag_page_sidebar_layout":"default_layout","_jetpack_memberships_contains_paid_content":false,"footnotes":"","jetpack_publicize_message":"","jetpack_publicize_feature_enabled":true,"jetpack_social_post_already_shared":true,"jetpack_social_options":{"image_generator_settings":{"template":"highway","default_image_id":0,"font":"","enabled":false},"version":2}},"categories":[145],"tags":[],"class_list":["post-77458","post","type-post","status-publish","format-standard","has-post-thumbnail","hentry","category-estados"],"jetpack_publicize_connections":[],"jetpack_featured_media_url":"https:\/\/noticiasveracruz.com\/wp-content\/uploads\/2026\/04\/jaraneros-y-danzantes-derrochan-ritmo-y-tradicion-en-el-dia-internacional-de-la-danza-en-yucatan_ccca6098-df44-4c2b-8802-6db32a9343ca_media.webp","jetpack_sharing_enabled":true,"publishpress_future_action":{"enabled":false,"date":"2026-05-04 08:32:41","action":"change-status","newStatus":"draft","terms":[],"taxonomy":"category","extraData":[]},"publishpress_future_workflow_manual_trigger":{"enabledWorkflows":[]},"_links":{"self":[{"href":"https:\/\/noticiasveracruz.com\/index.php\/wp-json\/wp\/v2\/posts\/77458","targetHints":{"allow":["GET"]}}],"collection":[{"href":"https:\/\/noticiasveracruz.com\/index.php\/wp-json\/wp\/v2\/posts"}],"about":[{"href":"https:\/\/noticiasveracruz.com\/index.php\/wp-json\/wp\/v2\/types\/post"}],"author":[{"embeddable":true,"href":"https:\/\/noticiasveracruz.com\/index.php\/wp-json\/wp\/v2\/users\/4"}],"replies":[{"embeddable":true,"href":"https:\/\/noticiasveracruz.com\/index.php\/wp-json\/wp\/v2\/comments?post=77458"}],"version-history":[{"count":1,"href":"https:\/\/noticiasveracruz.com\/index.php\/wp-json\/wp\/v2\/posts\/77458\/revisions"}],"predecessor-version":[{"id":77460,"href":"https:\/\/noticiasveracruz.com\/index.php\/wp-json\/wp\/v2\/posts\/77458\/revisions\/77460"}],"wp:featuredmedia":[{"embeddable":true,"href":"https:\/\/noticiasveracruz.com\/index.php\/wp-json\/wp\/v2\/media\/77459"}],"wp:attachment":[{"href":"https:\/\/noticiasveracruz.com\/index.php\/wp-json\/wp\/v2\/media?parent=77458"}],"wp:term":[{"taxonomy":"category","embeddable":true,"href":"https:\/\/noticiasveracruz.com\/index.php\/wp-json\/wp\/v2\/categories?post=77458"},{"taxonomy":"post_tag","embeddable":true,"href":"https:\/\/noticiasveracruz.com\/index.php\/wp-json\/wp\/v2\/tags?post=77458"}],"curies":[{"name":"wp","href":"https:\/\/api.w.org\/{rel}","templated":true}]}}