{"id":7745,"date":"2022-09-05T08:41:35","date_gmt":"2022-09-05T13:41:35","guid":{"rendered":"https:\/\/noticiasveracruz.com\/?p=7745"},"modified":"2022-09-05T08:42:58","modified_gmt":"2022-09-05T13:42:58","slug":"a-un-ano-y-medio-franco-sigue-preso-por-motivos-politicos","status":"publish","type":"post","link":"https:\/\/noticiasveracruz.com\/index.php\/2022\/09\/05\/a-un-ano-y-medio-franco-sigue-preso-por-motivos-politicos\/","title":{"rendered":"A un a\u00f1o y medio: Rogelio Franco sigue preso por motivos pol\u00edticos"},"content":{"rendered":"<p class=\"p1\"><span style=\"font-size: 18pt;\"><b>&lt;&lt; Sin cargos ni averiguaciones pendientes el diputado federal sigue sin fuero y sin libertad &gt;&gt;<\/b><\/span><\/p>\n<p>&nbsp;<\/p>\n<p class=\"p1\"><span style=\"font-size: 18pt;\"><b>Por \u00c1ngel \u00c1lvaro Pe\u00f1a<\/b><\/span><\/p>\n<p class=\"p1\"><span style=\"font-size: 14pt;\">En una semana Rogelio Franco Cast\u00e1n, ex dirigente estatal del PRD en Veracruz, diputado federal en funciones y ex secretario del Gobierno de Veracruz, cumplir\u00e1 a\u00f1o y medio en prisi\u00f3n sin proceso, juicio ni sentencia. Los delitos que se le imputan dejaron de existir en el C\u00f3digo Penal de Veracruz o simplemente fueron desechados. Por si fuera poco, puede a\u00f1adirse violencia a la hora de la detenci\u00f3n y tortura, motivos por los cuales debi\u00f3 alcanzar la libertad de inmediato; sin embargo, sigue preso desde el s\u00e1bado 13 de marzo del a\u00f1o pasado acusado de ultraje a la autoridad.<\/span><\/p>\n<p class=\"p1\"><span style=\"font-size: 18pt;\"><strong>Delito cuya derogaci\u00f3n\u00a0lleg\u00f3 al Congreso estatal el 1 de febrero del presente a\u00f1o. Durante la sesi\u00f3n ordinaria virtual de los diputados veracruzanos dieron entrada a la iniciativa enviada por el gobernador Cuitl\u00e1huac Garc\u00eda, para derogar el art\u00edculo 331 del C\u00f3digo Penal para el estado de Veracruz, tal y como lo se\u00f1ala la recomendaci\u00f3n 146\/2021 de la Comisi\u00f3n Nacional de los Derechos Humanos.<\/strong><\/span><\/p>\n<p class=\"p1\"><span style=\"font-size: 14pt;\">La recomendaci\u00f3n deriva de una queja presentada por seis j\u00f3venes que fueron detenidos en septiembre de 2021 y acusados falsamente por el delito de ultrajes a la autoridad. Por este hecho les fue dictada prisi\u00f3n preventiva oficiosa y mediante un amparo recuperaron su libertad el pasado 16 de diciembre.<\/span><\/p>\n<p class=\"p1\"><span style=\"font-size: 14pt;\">La discusi\u00f3n por este delito penalizado entre seis meses y dos a\u00f1os de c\u00e1rcel provoc\u00f3 una confrontaci\u00f3n con un grupo de senadores encabezados por el presidente de la Jucopo, Ricardo Monreal, de Morena, y el senador Dante Delgado de Movimiento Ciudadano.<\/span><\/p>\n<p class=\"p1\"><span style=\"font-size: 18pt;\"><strong>A partir de la entrada en vigor de este delito, en marzo de 2021, la Fiscal\u00eda estatal report\u00f3 que mil 33 personas. <span style=\"color: #e42d33;\">La estad\u00eda de Franco Cast\u00e1n en el Cereso de La Toma, en Amatl\u00e1n, Veracruz, se convierte no s\u00f3lo en una de las m\u00e1s grandes injusticias del actual r\u00e9gimen <\/span>sino en un caso federal y hasta internacional que prueba que en este momento a pesar de las aperturas que se expresan en el discurso, en los hechos sigue habiendo injusticia.<\/strong><\/span><\/p>\n<p class=\"p1\"><span style=\"font-size: 14pt;\">Las presiones y protestas para liberar a Franco Cast\u00e1n han sido muchas sobre todo las protestas de familiares y amigos frente a palacio de gobierno de la entidad, de Palacio Nacional. Ha habido movilizaciones en todo el pa\u00eds, se han enviado cartas a las m\u00e1s altas autoridades y la insensibilidad de los tres niveles de gobierno, de los jueces e incluso de la bancada perredista lo mantienen en prisi\u00f3n, sin juicio.<\/span><\/p>\n<p class=\"p1\"><span style=\"font-size: 18pt;\"><strong>El 29 de agosto, en la toma de protesta de los diputados federales, en el Congreso de la Uni\u00f3n, sorprendi\u00f3 que, por acuerdo de las bancadas, se leyera un documento en favor del preso pol\u00edtico, seg\u00fan el PRD, Rogelio Franco Cast\u00e1n, que est\u00e1 detenido por un problema familiar, pero el gobierno le endilg\u00f3 all\u00ed extra el de \u2018ultraje a la autoridad\u2019, y le dieron varios meses de c\u00e1rcel.<\/strong><\/span><\/p>\n<p>&nbsp;<\/p>\n<p><img loading=\"lazy\" decoding=\"async\" class=\"aligncenter wp-image-9779 size-large\" src=\"https:\/\/politicosaldesnudo.com.mx\/wp-content\/uploads\/2022\/09\/P-FRANCO-PRESO-4-1024x573.png\" alt=\"\" width=\"800\" height=\"448\" \/><\/p>\n<p>&nbsp;<\/p>\n<p class=\"p1\"><span style=\"font-size: 14pt;\">Posteriormente, cuando un juez permiti\u00f3 que el juicio siguiera en libertad, le endilgaron otro cargo. El presidente de la Mesa de Decanos, Augusto G\u00f3mez Villanueva, le dio posesi\u00f3n de su cargo, mientras que el diputado Leonel Godoy, ley\u00f3 un documento donde protestaba por ese encarcelamiento<\/span><\/p>\n<p class=\"p1\"><span style=\"font-size: 14pt;\">El retraso en la justicia s\u00f3lo puede interpretarse como la influencia quien todav\u00eda tiene el PRD en la entidad y que pareciera estar sobre \u00f1as leyes, las autoridades y los jueces, porque en este momento, en ese partido existe una incondicionalidad vergonzosa con los dirigentes del partido, que seguramente no compartir\u00eda Franco Cast\u00e1n.<\/span><\/p>\n<p class=\"p1\"><span style=\"font-size: 18pt;\"><strong>Es por esta raz\u00f3n que contin\u00faa preso injustamente, desde el inicio de su reclusi\u00f3n fue nombrado por el partido y no por Rogelio o su familia, un defensor que era su suplente en la C\u00e1mara de Diputados Jes\u00fas Vel\u00e1zquez, quien en lugar de llevar a cabo su defensa se dedic\u00f3 a fortalecer su imagen pol\u00edtica y, a pesar de que Franco Cast\u00e1n tom\u00f3 protesta desde la c\u00e1rcel, de manera virtual, es inexplicable que no tenga fuero, y no lo tiene porque su compa\u00f1ero y amigo, se lo rob\u00f3.<\/strong><\/span><\/p>\n<p class=\"p1\"><span style=\"font-size: 14pt;\">Hace d\u00edas, el exdirigente\u00a0perredista\u00a0Manuel Bernal Rivera, demand\u00f3 al gobierno del estado de Veracruz, liberar al exsecretario de Gobierno,\u00a0Rogelio Franco\u00a0Cast\u00e1n, para acatar fallos de la Suprema Corte de Justicia de la Naci\u00f3n. Asegur\u00f3 que a casi un a\u00f1o y medio de que se detuvo, no hay raz\u00f3n para tenerlo detenido porque ya la Suprema Corte de Justicia de la Naci\u00f3n declar\u00f3 inv\u00e1lido ese encarcelamiento.<\/span><\/p>\n<p class=\"p1\"><span style=\"font-size: 18pt;\"><strong>Resalt\u00f3 que la justicia federal rechaz\u00f3 los delitos de violencia familiar y de ultrajes a la autoridad y contra las instituciones de seguridad p\u00fablica. Se\u00f1al\u00f3: \u00abDichos delitos han sido declarados inconstitucionales por la Suprema Corte de Justicia de la Naci\u00f3n. Estamos en espera de que se resuelva la situaci\u00f3n y dichos delitos sean dejados sin efecto porque\u00a0Rogelio Franco\u00a0ya recibi\u00f3 la protecci\u00f3n de la justicia federal\u00bb.<\/strong><\/span><\/p>\n<p class=\"p1\"><span style=\"font-size: 14pt;\">En esa misma circunstancia se encontraba el secretario t\u00e9cnico del senado. Jos\u00e9 Manuel del R\u00edo Virgen, detenido el 22 de diciembre del a\u00f1o pasado, por sospechas de ser el autor intelectual del asesinato del candidato a la alcald\u00eda de\u00a0Cazones de Herrera, Ren\u00e9 Tovar.<\/span><\/p>\n<p>&nbsp;<\/p>\n<p><img loading=\"lazy\" decoding=\"async\" class=\"aligncenter wp-image-9778 size-large\" src=\"https:\/\/politicosaldesnudo.com.mx\/wp-content\/uploads\/2022\/09\/P-FRANCO-PRESO-3-1024x573.png\" alt=\"\" width=\"800\" height=\"448\" \/><\/p>\n<p>&nbsp;<\/p>\n<p class=\"p1\"><span style=\"font-size: 18pt;\"><strong>A salir de prisi\u00f3n Del R\u00edo Virgen, por las presiones del senador Monreal \u00c1vila, prometi\u00f3 luchar por la libertad de todos los reos encarcelados por el delito de ultrajes a la autoridad, pero en realidad no s\u00f3lo les dio la espalda, sino que no quiso saber nada de ellos.<\/strong><\/span><\/p>\n<p class=\"p1\"><span style=\"font-size: 14pt;\">Hay algo extra\u00f1o en este encarcelamiento a todas luces injusto, porque legalmente debi\u00f3 alcanzar la libertad desde hace m\u00e1s de un a\u00f1o, pero se aplazan las audiencias, se consiguen pretextos para juzgarlo, se encuentran vac\u00edos legales para mantenerlo preso. Esto no habla de otra cosa de que el capricho de autoridades interesadas en que Franco Cast\u00e1n permanezca en la c\u00e1rcel por estorbar a intereses oscuros su manera de conducir sus ideas y la verticalidad que le caracteriza.<\/span><\/p>\n<p class=\"p1\"><span style=\"font-size: 18pt; color: #e42d33;\"><strong>El caso de Franco Cast\u00e1n traspasa las fronteras de M\u00e9xico y mancha la reputaci\u00f3n del gobierno federal y se\u00f1ala el autoritarismo del gobierno estatal.<\/strong><\/span><\/p>\n<p>&nbsp;<\/p>\n<p>&nbsp;<\/p>\n<p>&nbsp;<\/p>\n<p>&nbsp;<\/p>\n<p>&nbsp;<\/p>\n<p>&nbsp;<\/p>\n<p>&nbsp;<\/p>\n<p>&nbsp;<\/p>\n","protected":false},"excerpt":{"rendered":"<p>&lt;&lt; Sin cargos ni averiguaciones pendientes el diputado federal sigue sin fuero y sin libertad &gt;&gt; &nbsp; Por \u00c1ngel \u00c1lvaro<\/p>\n","protected":false},"author":4,"featured_media":7746,"comment_status":"closed","ping_status":"closed","sticky":false,"template":"","format":"standard","meta":{"colormag_page_container_layout":"default_layout","colormag_page_sidebar_layout":"default_layout","_jetpack_memberships_contains_paid_content":false,"footnotes":"","jetpack_publicize_message":"","jetpack_publicize_feature_enabled":true,"jetpack_social_post_already_shared":false,"jetpack_social_options":{"image_generator_settings":{"template":"highway","default_image_id":0,"font":"","enabled":false},"version":2}},"categories":[4],"tags":[286,1335,934,73],"class_list":["post-7745","post","type-post","status-publish","format-standard","has-post-thumbnail","hentry","category-nacional","tag-prd","tag-preso-politico","tag-rogelio-franco-castan","tag-veracruz"],"jetpack_publicize_connections":[],"jetpack_featured_media_url":"https:\/\/noticiasveracruz.com\/wp-content\/uploads\/2022\/09\/P-FRANCO-PRESO-1.png","jetpack_sharing_enabled":true,"publishpress_future_action":{"enabled":false,"date":"2026-05-04 20:22:52","action":"change-status","newStatus":"draft","terms":[],"taxonomy":"category","extraData":[]},"publishpress_future_workflow_manual_trigger":{"enabledWorkflows":[]},"_links":{"self":[{"href":"https:\/\/noticiasveracruz.com\/index.php\/wp-json\/wp\/v2\/posts\/7745","targetHints":{"allow":["GET"]}}],"collection":[{"href":"https:\/\/noticiasveracruz.com\/index.php\/wp-json\/wp\/v2\/posts"}],"about":[{"href":"https:\/\/noticiasveracruz.com\/index.php\/wp-json\/wp\/v2\/types\/post"}],"author":[{"embeddable":true,"href":"https:\/\/noticiasveracruz.com\/index.php\/wp-json\/wp\/v2\/users\/4"}],"replies":[{"embeddable":true,"href":"https:\/\/noticiasveracruz.com\/index.php\/wp-json\/wp\/v2\/comments?post=7745"}],"version-history":[{"count":0,"href":"https:\/\/noticiasveracruz.com\/index.php\/wp-json\/wp\/v2\/posts\/7745\/revisions"}],"wp:featuredmedia":[{"embeddable":true,"href":"https:\/\/noticiasveracruz.com\/index.php\/wp-json\/wp\/v2\/media\/7746"}],"wp:attachment":[{"href":"https:\/\/noticiasveracruz.com\/index.php\/wp-json\/wp\/v2\/media?parent=7745"}],"wp:term":[{"taxonomy":"category","embeddable":true,"href":"https:\/\/noticiasveracruz.com\/index.php\/wp-json\/wp\/v2\/categories?post=7745"},{"taxonomy":"post_tag","embeddable":true,"href":"https:\/\/noticiasveracruz.com\/index.php\/wp-json\/wp\/v2\/tags?post=7745"}],"curies":[{"name":"wp","href":"https:\/\/api.w.org\/{rel}","templated":true}]}}