{"id":77445,"date":"2026-04-27T00:14:23","date_gmt":"2026-04-27T06:14:23","guid":{"rendered":"https:\/\/noticiasveracruz.com\/?p=77445"},"modified":"2026-04-27T00:14:23","modified_gmt":"2026-04-27T06:14:23","slug":"arranca-en-sinaloa-construccion-de-la-planta-de-metanol-de-menores-emisiones-en-el-mundo","status":"publish","type":"post","link":"https:\/\/noticiasveracruz.com\/index.php\/2026\/04\/27\/arranca-en-sinaloa-construccion-de-la-planta-de-metanol-de-menores-emisiones-en-el-mundo\/","title":{"rendered":"Arranca en Sinaloa construcci\u00f3n de la planta de metanol de menores emisiones en el mundo"},"content":{"rendered":"<p class=\"nota-justify\">La Secretar\u00eda de Econom\u00eda en colaboraci\u00f3n con el gobierno del estado de Sinaloa y del municipio de\u00a0Ahome\u00a0anunciaron el inicio de la construcci\u00f3n de la planta de metanol con emisiones ultra bajas m\u00e1s grande del mundo en su tipo.<\/p>\n<p class=\"nota-justify\">La construcci\u00f3n forma parte del proyecto Pac\u00edfico Mexinol, del grupo Transition Industries y representa una de las inversiones m\u00e1s importantes en la historia reciente del pa\u00eds con un monto superior a los 3 mil 300 millones de d\u00f3lares y se ubicar\u00e1 en Topolobampo,\u00a0un puerto del Golfo de California,\u00a0del municipio de Ahome.<\/p>\n<p class=\"nota-justify\">Con esto, M\u00e9xico busca posicionarse como un actor estrat\u00e9gico en la industria qu\u00edmica de bajo carbono y en la transici\u00f3n energ\u00e9tica global bajo un modelo orientado a emisiones netas cercanas a cero (Net Zero), mediante el uso de tecnolog\u00edas de captura de carbono, energ\u00edas limpias e hidr\u00f3geno verde.<\/p>\n<p class=\"nota-justify\">En un comunicado de la Secretar\u00eda de Econom\u00eda, la empresa constructora estima que el inicio de operaciones de la planta ser\u00eda en 2030, adem\u00e1s tendr\u00e1 una capacidad de producci\u00f3n de 1.8 millones de toneladas anuales de metanol azul y 350 mil toneladas de metanol verde, lo que fortalecer\u00e1 la competitividad industrial de M\u00e9xico y su integraci\u00f3n en cadenas globales de valor.<\/p>\n<p class=\"nota-justify\">La Secretar\u00eda destaca que el metanol es un insumo clave ya que se utiliza para la producci\u00f3n de materiales, combustibles y productos qu\u00edmicos de uso cotidiano. En la versi\u00f3n de bajas emisiones, que producir\u00e1 la planta de Sinaloa, se convierte en un componente relevante para avanzar hacia procesos industriales y energ\u00e9ticos m\u00e1s limpios.<\/p>\n<p class=\"nota-justify\">Dicha obra cuenta con la participaci\u00f3n de inversionistas institucionales internacionales y organismos multilaterales, lo que coloca a M\u00e9xico como destino para proyectos industriales sostenibles, as\u00ed como en el desarrollo de nuevas plataformas productivas en Am\u00e9rica del Norte.<\/p>\n<p class=\"nota-justify\">Otro punto que destaca el comunicado es que en su etapa de construcci\u00f3n, el proyecto podr\u00eda generar cerca de 6 mil empleos de los cuales al menos 400 ser\u00e1n de \u00edndole permanente.<\/p>\n<p class=\"nota-justify\">\u201cM\u00e1s all\u00e1 de las cifras, Pac\u00edfico Mexinol generar\u00e1 empleo, oportunidades y derrama econ\u00f3mica para la regi\u00f3n. Se trata de una iniciativa alineada con el Plan M\u00e9xico de la presidenta Claudia Sheinbaum, que impulsa un crecimiento m\u00e1s equilibrado y sostenible en el pa\u00eds\u201d, asegur\u00f3 el Subsecretario de Industria y Comercio, Vidal Llerenas Morales.<\/p>\n<p class=\"nota-justify\">El acto protocolario que celebr\u00f3 el inicio de la fase de preconstrucci\u00f3n, cont\u00f3 con la participaci\u00f3n de Rommel Gallo, CEO de Transition Industries, el gobernador de Sinaloa, Rub\u00e9n Rocha Moya, el subsecretario de Industria y Comercio de la Secretar\u00eda de Econom\u00eda, Vidal Llerenas Morales, la directora general de Asuntos Internacionales de la Secretar\u00eda de Energ\u00eda, Laila Porras, la directora de CFEnerg\u00eda, Er\u00e9ndira Corral y el Embajador de Estados Unidos en M\u00e9xico, Ron Johnson.<\/p>\n","protected":false},"excerpt":{"rendered":"<p>La Secretar\u00eda de Econom\u00eda en colaboraci\u00f3n con el gobierno del estado de Sinaloa y del municipio de\u00a0Ahome\u00a0anunciaron el inicio de<\/p>\n","protected":false},"author":4,"featured_media":77446,"comment_status":"closed","ping_status":"closed","sticky":false,"template":"","format":"standard","meta":{"colormag_page_container_layout":"default_layout","colormag_page_sidebar_layout":"default_layout","_jetpack_memberships_contains_paid_content":false,"footnotes":"","jetpack_publicize_message":"","jetpack_publicize_feature_enabled":true,"jetpack_social_post_already_shared":true,"jetpack_social_options":{"image_generator_settings":{"template":"highway","default_image_id":0,"font":"","enabled":false},"version":2}},"categories":[1947],"tags":[],"class_list":["post-77445","post","type-post","status-publish","format-standard","has-post-thumbnail","hentry","category-economia"],"jetpack_publicize_connections":[],"jetpack_featured_media_url":"https:\/\/noticiasveracruz.com\/wp-content\/uploads\/2026\/04\/MET.webp","jetpack_sharing_enabled":true,"publishpress_future_action":{"enabled":false,"date":"2026-05-04 06:13:27","action":"change-status","newStatus":"draft","terms":[],"taxonomy":"category","extraData":[]},"publishpress_future_workflow_manual_trigger":{"enabledWorkflows":[]},"_links":{"self":[{"href":"https:\/\/noticiasveracruz.com\/index.php\/wp-json\/wp\/v2\/posts\/77445","targetHints":{"allow":["GET"]}}],"collection":[{"href":"https:\/\/noticiasveracruz.com\/index.php\/wp-json\/wp\/v2\/posts"}],"about":[{"href":"https:\/\/noticiasveracruz.com\/index.php\/wp-json\/wp\/v2\/types\/post"}],"author":[{"embeddable":true,"href":"https:\/\/noticiasveracruz.com\/index.php\/wp-json\/wp\/v2\/users\/4"}],"replies":[{"embeddable":true,"href":"https:\/\/noticiasveracruz.com\/index.php\/wp-json\/wp\/v2\/comments?post=77445"}],"version-history":[{"count":1,"href":"https:\/\/noticiasveracruz.com\/index.php\/wp-json\/wp\/v2\/posts\/77445\/revisions"}],"predecessor-version":[{"id":77447,"href":"https:\/\/noticiasveracruz.com\/index.php\/wp-json\/wp\/v2\/posts\/77445\/revisions\/77447"}],"wp:featuredmedia":[{"embeddable":true,"href":"https:\/\/noticiasveracruz.com\/index.php\/wp-json\/wp\/v2\/media\/77446"}],"wp:attachment":[{"href":"https:\/\/noticiasveracruz.com\/index.php\/wp-json\/wp\/v2\/media?parent=77445"}],"wp:term":[{"taxonomy":"category","embeddable":true,"href":"https:\/\/noticiasveracruz.com\/index.php\/wp-json\/wp\/v2\/categories?post=77445"},{"taxonomy":"post_tag","embeddable":true,"href":"https:\/\/noticiasveracruz.com\/index.php\/wp-json\/wp\/v2\/tags?post=77445"}],"curies":[{"name":"wp","href":"https:\/\/api.w.org\/{rel}","templated":true}]}}