{"id":77436,"date":"2026-04-27T00:10:28","date_gmt":"2026-04-27T06:10:28","guid":{"rendered":"https:\/\/noticiasveracruz.com\/?p=77436"},"modified":"2026-04-27T00:10:28","modified_gmt":"2026-04-27T06:10:28","slug":"cnte-anuncia-que-marchara-el-1-de-mayo-en-cdmx-contra-la-ley-del-issste-de-2007","status":"publish","type":"post","link":"https:\/\/noticiasveracruz.com\/index.php\/2026\/04\/27\/cnte-anuncia-que-marchara-el-1-de-mayo-en-cdmx-contra-la-ley-del-issste-de-2007\/","title":{"rendered":"CNTE anuncia que marchar\u00e1 el 1\u00b0 de mayo en CDMX contra la Ley del Issste de 2007"},"content":{"rendered":"<p class=\"nota-justify\">Para exigir aumento salarial y abrogaci\u00f3n de la Ley del Issste 2007 para una jubilaci\u00f3n digna, la Coordinadora Nacional de Trabajadores de la Educaci\u00f3n (CNTE) realizar\u00e1 una marcha el 1\u00b0 de mayo, la cual partir\u00e1 del \u00c1ngel de la Independencia hacia el Z\u00f3calo de la Ciudad de M\u00e9xico.<\/p>\n<p class=\"nota-justify\">La manifestaci\u00f3n se efectuar\u00e1 a partir de las 9 de la ma\u00f1ana rumbo a la Plaza de la Constituci\u00f3n, aunque no se dieron detalles de s\u00ed se unir\u00e1n otros contingentes sindicales en el marco de esta marcha con motivo del D\u00eda del Trabajo.<\/p>\n<p class=\"nota-justify\">Este es uno de los acuerdos a los que llegaron secretarios de varias secciones del magisterio disidente la madrugada de este domingo, aunque el plan de acci\u00f3n todav\u00eda no lo han hecho p\u00fablico, ya que se establecieron otros puntos que se dar\u00edan a conocer por la tarde noche de hoy.<\/p>\n<p class=\"nota-justify\">Ayer, los maestros de la CNTE iniciaron una sesi\u00f3n de la Asamblea Nacional Representativa (ANR), donde analizaron el plan de acci\u00f3n para la pr\u00f3xima jornada magisterial del 15 de Mayo, as\u00ed como definir los puntos centrales para el estallamiento de una huelga nacional en el marco del pr\u00f3ximo Mundial de futbol 2026, que se celebrar\u00e1 en M\u00e9xico, Estados Unidos y Canad\u00e1.<\/p>\n<p class=\"nota-justify\">Hasta el mediod\u00eda de este domingo, el plan de acci\u00f3n todav\u00eda no ha sido difundido, pero ayer en su mensaje de apertura de los trabajos, el maestros Filiberto Frausto Orozco, secretario general de la secci\u00f3n 34 de Zacatecas, plante\u00f3 la posibilidad de convocar a una huelga nacional durante el Mundial 2026 en M\u00e9xico, bajo la premisa: \u201cSi no hay soluci\u00f3n, no rodar\u00e1 el bal\u00f3n\u201d.<\/p>\n<p class=\"nota-justify\">Destac\u00f3 que el magisterio disidente realiz\u00f3 una jornada \u201chist\u00f3rica\u201d de lucha en junio de 2025, para luego continuar con tres paros escalonados de labores en la exigencia de su demanda central: abrogaci\u00f3n de la Ley del Issste 2007, y con ellos \u201casegurar una pensi\u00f3n digna a todos los trabajadores del Estado\u201d.<\/p>\n<p>&nbsp;<\/p>\n","protected":false},"excerpt":{"rendered":"<p>Para exigir aumento salarial y abrogaci\u00f3n de la Ley del Issste 2007 para una jubilaci\u00f3n digna, la Coordinadora Nacional de<\/p>\n","protected":false},"author":4,"featured_media":77437,"comment_status":"closed","ping_status":"closed","sticky":false,"template":"","format":"standard","meta":{"colormag_page_container_layout":"default_layout","colormag_page_sidebar_layout":"default_layout","_jetpack_memberships_contains_paid_content":false,"footnotes":"","jetpack_publicize_message":"","jetpack_publicize_feature_enabled":true,"jetpack_social_post_already_shared":true,"jetpack_social_options":{"image_generator_settings":{"template":"highway","default_image_id":0,"font":"","enabled":false},"version":2}},"categories":[4],"tags":[],"class_list":["post-77436","post","type-post","status-publish","format-standard","has-post-thumbnail","hentry","category-nacional"],"jetpack_publicize_connections":[],"jetpack_featured_media_url":"https:\/\/noticiasveracruz.com\/wp-content\/uploads\/2026\/04\/MIT.webp","jetpack_sharing_enabled":true,"publishpress_future_action":{"enabled":false,"date":"2026-05-04 03:41:48","action":"change-status","newStatus":"draft","terms":[],"taxonomy":"category","extraData":[]},"publishpress_future_workflow_manual_trigger":{"enabledWorkflows":[]},"_links":{"self":[{"href":"https:\/\/noticiasveracruz.com\/index.php\/wp-json\/wp\/v2\/posts\/77436","targetHints":{"allow":["GET"]}}],"collection":[{"href":"https:\/\/noticiasveracruz.com\/index.php\/wp-json\/wp\/v2\/posts"}],"about":[{"href":"https:\/\/noticiasveracruz.com\/index.php\/wp-json\/wp\/v2\/types\/post"}],"author":[{"embeddable":true,"href":"https:\/\/noticiasveracruz.com\/index.php\/wp-json\/wp\/v2\/users\/4"}],"replies":[{"embeddable":true,"href":"https:\/\/noticiasveracruz.com\/index.php\/wp-json\/wp\/v2\/comments?post=77436"}],"version-history":[{"count":1,"href":"https:\/\/noticiasveracruz.com\/index.php\/wp-json\/wp\/v2\/posts\/77436\/revisions"}],"predecessor-version":[{"id":77438,"href":"https:\/\/noticiasveracruz.com\/index.php\/wp-json\/wp\/v2\/posts\/77436\/revisions\/77438"}],"wp:featuredmedia":[{"embeddable":true,"href":"https:\/\/noticiasveracruz.com\/index.php\/wp-json\/wp\/v2\/media\/77437"}],"wp:attachment":[{"href":"https:\/\/noticiasveracruz.com\/index.php\/wp-json\/wp\/v2\/media?parent=77436"}],"wp:term":[{"taxonomy":"category","embeddable":true,"href":"https:\/\/noticiasveracruz.com\/index.php\/wp-json\/wp\/v2\/categories?post=77436"},{"taxonomy":"post_tag","embeddable":true,"href":"https:\/\/noticiasveracruz.com\/index.php\/wp-json\/wp\/v2\/tags?post=77436"}],"curies":[{"name":"wp","href":"https:\/\/api.w.org\/{rel}","templated":true}]}}